{"id":84,"date":"2017-12-28T11:52:35","date_gmt":"2017-12-28T11:52:35","guid":{"rendered":"http:\/\/tw.cm.upt.ro\/b14\/?p=84"},"modified":"2018-01-04T19:51:41","modified_gmt":"2018-01-04T19:51:41","slug":"la-doi-pasi-de-casa-varful-tarcu","status":"publish","type":"post","link":"https:\/\/tw.cm.upt.ro\/b14\/2017\/12\/28\/la-doi-pasi-de-casa-varful-tarcu\/","title":{"rendered":"La doi pa\u0219i de cas\u0103 &#8211; V\u00e2rful \u021aarcu"},"content":{"rendered":"<div id=\"fb-root\"><\/div>\n<p>O idee foarte bun\u0103 pentru cei din zona Banatului, de o ie\u0219ire lejer\u0103 de o zi, o repezint\u0103 mun\u021bii \u021aarcu. Traseul este unul de dificultate medie spre u\u0219oar\u0103 \u0219i poate fi considerat\u0103 o plimbare lejer\u0103.<\/p>\n<p>Fiind din Lugoj, mi-am dorit de foarte mult timp s\u0103 ajung pe V\u00e2rful \u021aarcu. De c\u00e2nd eram mic\u0103 \u0219tiu c\u0103 admiram mereu frumuse\u021bea mun\u021bilor ce se puteau vedea chiar din ora\u0219 \u00een zilele senine. Iar atunci c\u00e2nd urcam pe Muntele Mic, fie in drume\u021bii sau la ski, admiram mereu spectacolul pe care \u00eel ofereau mun\u021bii \u021aarcu.<\/p>\n<p>\u0218i iat\u0103 c\u0103 \u00eentr-un final am ajuns \ud83d\ude42<\/p>\n<p>Vara lui 2017 a fost destul de bogat\u0103 \u00een excursii a\u0219a c\u0103 nu se putea s\u0103 nu ajung \u0219i pe \u021aarcu c\u0103 doar era at\u00e2t de aproape de cas\u0103.<\/p>\n<p>Am pornit pe traseu chiar de pe drumul asfaltat ce duce pe Muntele Mic. Am urcat cu ma\u0219ina cam p\u00e2n\u0103 la jum\u0103tatea drumului (ve\u021bi vedea c\u0103 se face un viraj str\u00e2ns la st\u00e2nga iar pe partea dreapt\u0103, chiar \u00een curb\u0103 este un mic platou unde v\u0103 pute\u021bi l\u0103sa ma\u0219ina, loc \u00een care \u00eencepe \u0219i marcajul montan). Din p\u0103cate, locul nu este semnalizat, dar cu siguran\u021b\u0103 ve\u021bi mai vedea una sau dou\u0103 ma\u0219ini parcate.<\/p>\n<p>Traseul pe care l-am urmat noi este marcat cu ro\u0219u. Mai exist\u0103 \u00eenc\u0103 un traseu marcat cu albastru care se intersecteaz\u0103 pe anumite por\u021biuni cu cel ro\u0219u, dar ambele duc \u00een acela\u0219i loc.<\/p>\n<p>Se \u00eencepe cu o urcare destul de u\u0219oar\u0103 prin p\u0103dure. Primele dou\u0103 ore, p\u00e2n\u0103 la cabana Cuntu, le ve\u021bi parcurge \u00een mare parte prin p\u0103dure.<\/p>\n<p><img fetchpriority=\"high\" decoding=\"async\" class=\"alignnone size-full wp-image-86\" src=\"http:\/\/tw.cm.upt.ro\/b14\/wp-content\/uploads\/sites\/61\/2017\/12\/20139909_1570286889694379_3150675539828777789_n.jpg\" alt=\"20139909_1570286889694379_3150675539828777789_n\" width=\"960\" height=\"540\" srcset=\"https:\/\/tw.cm.upt.ro\/b14\/wp-content\/uploads\/sites\/61\/2017\/12\/20139909_1570286889694379_3150675539828777789_n.jpg 960w, https:\/\/tw.cm.upt.ro\/b14\/wp-content\/uploads\/sites\/61\/2017\/12\/20139909_1570286889694379_3150675539828777789_n-300x169.jpg 300w, https:\/\/tw.cm.upt.ro\/b14\/wp-content\/uploads\/sites\/61\/2017\/12\/20139909_1570286889694379_3150675539828777789_n-768x432.jpg 768w, https:\/\/tw.cm.upt.ro\/b14\/wp-content\/uploads\/sites\/61\/2017\/12\/20139909_1570286889694379_3150675539828777789_n-830x467.jpg 830w, https:\/\/tw.cm.upt.ro\/b14\/wp-content\/uploads\/sites\/61\/2017\/12\/20139909_1570286889694379_3150675539828777789_n-230x129.jpg 230w, https:\/\/tw.cm.upt.ro\/b14\/wp-content\/uploads\/sites\/61\/2017\/12\/20139909_1570286889694379_3150675539828777789_n-350x197.jpg 350w, https:\/\/tw.cm.upt.ro\/b14\/wp-content\/uploads\/sites\/61\/2017\/12\/20139909_1570286889694379_3150675539828777789_n-480x270.jpg 480w\" sizes=\"(max-width: 960px) 100vw, 960px\" \/><\/p>\n<p style=\"text-align: center\"><em>Vedere spre <strong>mun\u021bii \u021aarcu<\/strong><\/em><\/p>\n<p style=\"text-align: left\">Locul meu preferat a fost aceast\u0103 poieni\u021b\u0103 de unde am avut o privire de ansamblu asupra mun\u021bilor \u0219i a v\u00e2rfului pe care urma s\u0103 ajungem. \u00cen partea dreapt\u0103 a pozei este V\u00e2rful \u021aarcu, iar \u00een st\u00e2nga se poate vedea V\u00e2rful C\u0103leanu (2196 metrii, cel mai \u00eenalt v\u00e2rf din mun\u021bii \u021aarcu).<\/p>\n<p style=\"text-align: left\">Drumul p\u00e2n\u0103 la cabana Cuntu nu a durat mai mult de 2 ore. Am trecut de caban\u0103 \u0219i am luat o mic\u0103 pauz\u0103 pentru c\u0103 ne a\u0219teptau alte dou\u0103 ore de urcare.<\/p>\n<p style=\"text-align: left\">De aici peisajul se schimb\u0103. L\u0103s\u0103m \u00een urm\u0103 p\u0103durea \u0219i d\u0103m de munte \u00een adev\u0103ratul sens al cuv\u00e2ntului. O dat\u0103 ajun\u0219i aproape de culme ve\u021bi avea parte de un spectacol superb, asta dac\u0103 nu ave\u021bi ghinionul s\u0103 prinde\u021bi cea\u021b\u0103. Vremea este extrem de schimb\u0103toare \u00een \u021aarcu \u0219i trebuie s\u0103 v\u0103 considera\u021bi noroco\u0219i dac\u0103 prinde\u021bi vreme bun\u0103.<\/p>\n<p style=\"text-align: left\">A\u0219a cum spuneam, o dat\u0103 ajun\u0219i pe culmea muntelui ve\u021bi descoperi \u00een partea st\u00e2ng\u0103 cum se \u00eentinde o vale superb\u0103 \u0219i abrupt\u0103 pe care se aventureaz\u0103 doar turmele de oi.<\/p>\n<p style=\"text-align: left\"><img decoding=\"async\" class=\"alignnone size-full wp-image-87\" src=\"http:\/\/tw.cm.upt.ro\/b14\/wp-content\/uploads\/sites\/61\/2017\/12\/26104761_1738365492886517_308008059_o.jpg\" alt=\"26104761_1738365492886517_308008059_o\" width=\"1184\" height=\"666\" srcset=\"https:\/\/tw.cm.upt.ro\/b14\/wp-content\/uploads\/sites\/61\/2017\/12\/26104761_1738365492886517_308008059_o.jpg 1184w, https:\/\/tw.cm.upt.ro\/b14\/wp-content\/uploads\/sites\/61\/2017\/12\/26104761_1738365492886517_308008059_o-300x169.jpg 300w, https:\/\/tw.cm.upt.ro\/b14\/wp-content\/uploads\/sites\/61\/2017\/12\/26104761_1738365492886517_308008059_o-768x432.jpg 768w, https:\/\/tw.cm.upt.ro\/b14\/wp-content\/uploads\/sites\/61\/2017\/12\/26104761_1738365492886517_308008059_o-1024x576.jpg 1024w, https:\/\/tw.cm.upt.ro\/b14\/wp-content\/uploads\/sites\/61\/2017\/12\/26104761_1738365492886517_308008059_o-830x467.jpg 830w, https:\/\/tw.cm.upt.ro\/b14\/wp-content\/uploads\/sites\/61\/2017\/12\/26104761_1738365492886517_308008059_o-230x129.jpg 230w, https:\/\/tw.cm.upt.ro\/b14\/wp-content\/uploads\/sites\/61\/2017\/12\/26104761_1738365492886517_308008059_o-350x197.jpg 350w, https:\/\/tw.cm.upt.ro\/b14\/wp-content\/uploads\/sites\/61\/2017\/12\/26104761_1738365492886517_308008059_o-480x270.jpg 480w\" sizes=\"(max-width: 1184px) 100vw, 1184px\" \/><\/p>\n<p style=\"text-align: center\"><em><strong>Mun\u021bii \u021aarcu\u00a0<\/strong>&#8211; drumul spre sta\u021bia meteo de pe V\u00e2rful \u021aarcu<\/em><\/p>\n<p style=\"text-align: left\">Dup\u0103 cum se poate vedea, o dat\u0103 ce am trecut de cabana Cuntu am sim\u021bit nevoia s\u0103 iau o bluz\u0103 pe mine :))<\/p>\n<p style=\"text-align: left\">Au \u00eenceput s\u0103 se adune c\u00e2\u021biva nori, v\u00e2ntul b\u0103tea din c\u00e2nd \u00een c\u00e2nd, iar mai t\u00e2rziu am sim\u021bit chiar \u0219i c\u00e2\u021biva stropi de ploaie.<\/p>\n<p style=\"text-align: left\">Drumul de la Cuntu p\u00e2n\u0103 pe V\u00e2rful \u021aarcu a durat mai pu\u021bin de 2 ore. Pe v\u00e2rf pot spune c\u0103 \u00eencepea s\u0103 m\u0103 ia chiar frigul. V\u00e2ntul se \u00eente\u021bise \u0219i se sim\u021bea destul de tare a\u0219a c\u0103 am fost for\u021ba\u021bi s\u0103 cobor\u00e2m pu\u021bin \u00eentr-o zon\u0103 mai ferit\u0103 de v\u00e2nt unde s\u0103 putem m\u00e2nca \u0219i noi lini\u0219ti\u021bi.<\/p>\n<p style=\"text-align: left\"><img decoding=\"async\" class=\"alignnone size-full wp-image-85\" src=\"http:\/\/tw.cm.upt.ro\/b14\/wp-content\/uploads\/sites\/61\/2017\/12\/19989266_1570286783027723_6850817301894670505_n.jpg\" alt=\"19989266_1570286783027723_6850817301894670505_n\" width=\"960\" height=\"540\" srcset=\"https:\/\/tw.cm.upt.ro\/b14\/wp-content\/uploads\/sites\/61\/2017\/12\/19989266_1570286783027723_6850817301894670505_n.jpg 960w, https:\/\/tw.cm.upt.ro\/b14\/wp-content\/uploads\/sites\/61\/2017\/12\/19989266_1570286783027723_6850817301894670505_n-300x169.jpg 300w, https:\/\/tw.cm.upt.ro\/b14\/wp-content\/uploads\/sites\/61\/2017\/12\/19989266_1570286783027723_6850817301894670505_n-768x432.jpg 768w, https:\/\/tw.cm.upt.ro\/b14\/wp-content\/uploads\/sites\/61\/2017\/12\/19989266_1570286783027723_6850817301894670505_n-830x467.jpg 830w, https:\/\/tw.cm.upt.ro\/b14\/wp-content\/uploads\/sites\/61\/2017\/12\/19989266_1570286783027723_6850817301894670505_n-230x129.jpg 230w, https:\/\/tw.cm.upt.ro\/b14\/wp-content\/uploads\/sites\/61\/2017\/12\/19989266_1570286783027723_6850817301894670505_n-350x197.jpg 350w, https:\/\/tw.cm.upt.ro\/b14\/wp-content\/uploads\/sites\/61\/2017\/12\/19989266_1570286783027723_6850817301894670505_n-480x270.jpg 480w\" sizes=\"(max-width: 960px) 100vw, 960px\" \/><\/p>\n<p style=\"text-align: center\"><em><strong>V\u00e2rful \u021aarcu<\/strong> &#8211; 2190 metrii<\/em><\/p>\n<p style=\"text-align: left\">P\u00e2n\u0103 \u00een acest punct a fost o drume\u021bie foarte lini\u0219tit\u0103. De aici \u00een colo lucrurile aveau s\u0103 se schimbe. Fiind un grup de 5 persoane era \u0219i normal ca cineva s\u0103 vin\u0103 cu ideea de a schimba traseul de \u00eentoarcere. Mie \u00een general nu \u00eemi place s\u0103 fac schimb\u0103ri de plan mai ales dac\u0103 nu cunosc zona sau traseul, dar p\u00e2n\u0103 la urm\u0103 am cedat la insisten\u021bele majorit\u0103\u021bii. Doar nu era s\u0103 m\u0103 \u00eentorc de una singur\u0103 pe traseul pe care am urcat.<\/p>\n<p style=\"text-align: left\">Astfel, de pe V\u00e2rful \u021aarcu am f\u0103cut o plimbare p\u00e2n\u0103 pe V\u00e2rful C\u0103leanu (din c\u00e2te \u00eemi amintesc traseul cred c\u0103 este marcat tot cu ro\u0219u) iar de pe V\u00e2rful C\u0103leanu ne-am \u00eentors c\u00e2\u021biva metrii pentru a g\u0103si o potec\u0103 pe care s\u0103 putem cobor\u00e2 direct \u00een valea dintre cele dou\u0103 v\u00e2rfuri.<\/p>\n<p style=\"text-align: left\">Traseul nu este unul marcat, este doar b\u0103t\u0103torit de ciobanii care cutreier\u0103 pe acolo \u00een timp ce \u00ee\u0219i m\u00e2n\u0103 turmele de oi.<\/p>\n<p style=\"text-align: left\">\u0218i da, dac\u0103 alege\u021bi s\u0103 face\u021bi acea\u0219i nebunie ca \u0219i noi ve\u021bi \u00eent\u00e2lni multe turme de oi, cu c\u00e2te 6-7 c\u00e2ini aferen\u021bi fiec\u0103reia \u0219i multe st\u00e2ne, pentru c\u0103 acea vale ad\u0103poste\u0219te numai st\u00e2ne. Ce surpriz\u0103!<\/p>\n<p style=\"text-align: left\">Evident c\u0103 nu am fost deloc \u00eenc\u00e2ntat\u0103, mai ales pentru c\u0103 \u00eemi este fric\u0103 de c\u00e2ini dar a fost o aventur\u0103 \u0219i o alerg\u0103tur\u0103 pe cinste.<\/p>\n<p style=\"text-align: left\">O dat\u0103 ce ajunge\u021bi \u00een zon\u0103 st\u00e2nelor ve\u021bi da de un drum forestier folosit de ciobani care dac\u0103 \u00eel urma\u021bi v\u0103 v-a scoate la traseul ini\u021bial, cel pe care l-am folosit la urcare. De la intersec\u021bia celor dou\u0103 drumuri \u0219i p\u00e2n\u0103 la cabana Cuntu nu ve\u021bi mai avea mult de mers. Iar de la Cuntu urma\u021bi traseul marcat cu ro\u0219u p\u00e2n\u0103 ajunge\u021bi la ma\u0219ini.<\/p>\n<p style=\"text-align: left\"><strong>Surse de ap\u0103<\/strong>: la cabana Cuntu.<\/p>\n<p style=\"text-align: left\"><strong>Recomand\u0103ri<\/strong>:<\/p>\n<ul>\n<li style=\"text-align: left\">dac\u0103 nu sunte\u021bi un grup numeros nu a\u0219 recomanda s\u0103 v\u0103 aventura\u021bi prin acea vale. Mai bine v\u0103 \u00eentoarce\u021bi pe acela\u0219i traseu pe care a\u021bi urcat. Este posibil s\u0103 \u00eent\u00e2lni\u021bi turme de oi chiar \u0219i pe acolo, dar nu a\u0219a multe iar ciobanii \u00eencearc\u0103 s\u0103 se \u00eendep\u0103rteze c\u00e2nd v\u0103d c\u0103 se apropie turi\u0219ti.<\/li>\n<li style=\"text-align: left\">dac\u0103 sunte\u021bi un grup numeros \u00eencerca\u021bi s\u0103 nu v\u0103 despar\u021bi\u021bi pe traseu, mai ales \u00een zonele nemarcate. Este groaznic s\u0103 v\u0103 pierde\u021bi din vizor unii pe cailal\u021bi \u0219i s\u0103 trebuiasc\u0103 s\u0103 v\u0103 a\u0219tepta\u021bi, mai ales cand v\u0103 preseaz\u0103 apropierea turmelor de oi \u0219i l\u0103tratul c\u00e2inilor.<\/li>\n<li style=\"text-align: left\">chiar dac\u0103 pare un traseu u\u0219or v\u0103 pute\u021bi r\u0103t\u0103ci repede pe el. Fi\u021bi mereu aten\u021bi, mai ales c\u0103 marcajele s-ar putea s\u0103 nu fie tocmai proaspete sau suficient de des amplasate.<\/li>\n<\/ul>\n<p>Aceasta a fost ultima ie\u0219ire pe anul 2017. Sper s\u0103 revin la anul cu locuri \u0219i pove\u0219ti noi. P\u00e2n\u0103 data viitoare s\u0103 ave\u021bi parte numai de zile senine.<\/p>\n<p>Timeea G.<\/p>\n","protected":false},"excerpt":{"rendered":"<p>O idee foarte bun\u0103 pentru cei din zona Banatului, de o ie\u0219ire lejer\u0103 de o zi, o repezint\u0103 mun\u021bii \u021aarcu. Traseul este [&hellip;]<\/p>\n","protected":false},"author":58,"featured_media":0,"comment_status":"open","ping_status":"open","sticky":false,"template":"","format":"standard","meta":{"wprm-recipe-roundup-name":"","wprm-recipe-roundup-description":"","ngg_post_thumbnail":0,"footnotes":""},"categories":[1],"tags":[14,12,23,15,13,25,24],"class_list":["post-84","post","type-post","status-publish","format-standard","hentry","category-uncategorized","tag-hiking","tag-mountains","tag-muntii-tarcu","tag-nature","tag-travelling","tag-varful-caleanu","tag-varful-tarcu"],"yoast_head":"<!-- This site is optimized with the Yoast SEO plugin v27.1.1 - https:\/\/yoast.com\/product\/yoast-seo-wordpress\/ -->\n<title>La doi pa\u0219i de cas\u0103 - V\u00e2rful \u021aarcu - Hiking for beginners<\/title>\n<meta name=\"robots\" content=\"index, follow, max-snippet:-1, max-image-preview:large, max-video-preview:-1\" \/>\n<link rel=\"canonical\" href=\"https:\/\/tw.cm.upt.ro\/b14\/2017\/12\/28\/la-doi-pasi-de-casa-varful-tarcu\/\" \/>\n<meta property=\"og:locale\" content=\"en_US\" \/>\n<meta property=\"og:type\" content=\"article\" \/>\n<meta property=\"og:title\" content=\"La doi pa\u0219i de cas\u0103 - V\u00e2rful \u021aarcu - Hiking for beginners\" \/>\n<meta property=\"og:description\" content=\"O idee foarte bun\u0103 pentru cei din zona Banatului, de o ie\u0219ire lejer\u0103 de o zi, o repezint\u0103 mun\u021bii \u021aarcu. Traseul este [&hellip;]\" \/>\n<meta property=\"og:url\" content=\"https:\/\/tw.cm.upt.ro\/b14\/2017\/12\/28\/la-doi-pasi-de-casa-varful-tarcu\/\" \/>\n<meta property=\"og:site_name\" content=\"Hiking for beginners\" \/>\n<meta property=\"article:published_time\" content=\"2017-12-28T11:52:35+00:00\" \/>\n<meta property=\"article:modified_time\" content=\"2018-01-04T19:51:41+00:00\" \/>\n<meta property=\"og:image\" content=\"http:\/\/tw.cm.upt.ro\/b14\/wp-content\/uploads\/sites\/61\/2017\/12\/20139909_1570286889694379_3150675539828777789_n.jpg\" \/>\n<meta name=\"author\" content=\"Timeea G\" \/>\n<meta name=\"twitter:card\" content=\"summary_large_image\" \/>\n<meta name=\"twitter:label1\" content=\"Written by\" \/>\n\t<meta name=\"twitter:data1\" content=\"Timeea G\" \/>\n\t<meta name=\"twitter:label2\" content=\"Est. reading time\" \/>\n\t<meta name=\"twitter:data2\" content=\"6 minutes\" \/>\n<script type=\"application\/ld+json\" class=\"yoast-schema-graph\">{\"@context\":\"https:\/\/schema.org\",\"@graph\":[{\"@type\":\"Article\",\"@id\":\"https:\/\/tw.cm.upt.ro\/b14\/2017\/12\/28\/la-doi-pasi-de-casa-varful-tarcu\/#article\",\"isPartOf\":{\"@id\":\"https:\/\/tw.cm.upt.ro\/b14\/2017\/12\/28\/la-doi-pasi-de-casa-varful-tarcu\/\"},\"author\":{\"name\":\"Timeea G\",\"@id\":\"https:\/\/tw.cm.upt.ro\/b14\/#\/schema\/person\/fb766146f318b0e7deb68873b13c8b90\"},\"headline\":\"La doi pa\u0219i de cas\u0103 &#8211; V\u00e2rful \u021aarcu\",\"datePublished\":\"2017-12-28T11:52:35+00:00\",\"dateModified\":\"2018-01-04T19:51:41+00:00\",\"mainEntityOfPage\":{\"@id\":\"https:\/\/tw.cm.upt.ro\/b14\/2017\/12\/28\/la-doi-pasi-de-casa-varful-tarcu\/\"},\"wordCount\":1173,\"commentCount\":0,\"image\":{\"@id\":\"https:\/\/tw.cm.upt.ro\/b14\/2017\/12\/28\/la-doi-pasi-de-casa-varful-tarcu\/#primaryimage\"},\"thumbnailUrl\":\"http:\/\/tw.cm.upt.ro\/b14\/wp-content\/uploads\/sites\/61\/2017\/12\/20139909_1570286889694379_3150675539828777789_n.jpg\",\"keywords\":[\"hiking\",\"mountains\",\"Mun\u021bii \u021aarcu\",\"nature\",\"travelling\",\"V\u00e2rful C\u0103leanu\",\"V\u00e2rful \u021aarcu\"],\"inLanguage\":\"en-US\",\"potentialAction\":[{\"@type\":\"CommentAction\",\"name\":\"Comment\",\"target\":[\"https:\/\/tw.cm.upt.ro\/b14\/2017\/12\/28\/la-doi-pasi-de-casa-varful-tarcu\/#respond\"]}]},{\"@type\":\"WebPage\",\"@id\":\"https:\/\/tw.cm.upt.ro\/b14\/2017\/12\/28\/la-doi-pasi-de-casa-varful-tarcu\/\",\"url\":\"https:\/\/tw.cm.upt.ro\/b14\/2017\/12\/28\/la-doi-pasi-de-casa-varful-tarcu\/\",\"name\":\"La doi pa\u0219i de cas\u0103 - V\u00e2rful \u021aarcu - Hiking for beginners\",\"isPartOf\":{\"@id\":\"https:\/\/tw.cm.upt.ro\/b14\/#website\"},\"primaryImageOfPage\":{\"@id\":\"https:\/\/tw.cm.upt.ro\/b14\/2017\/12\/28\/la-doi-pasi-de-casa-varful-tarcu\/#primaryimage\"},\"image\":{\"@id\":\"https:\/\/tw.cm.upt.ro\/b14\/2017\/12\/28\/la-doi-pasi-de-casa-varful-tarcu\/#primaryimage\"},\"thumbnailUrl\":\"http:\/\/tw.cm.upt.ro\/b14\/wp-content\/uploads\/sites\/61\/2017\/12\/20139909_1570286889694379_3150675539828777789_n.jpg\",\"datePublished\":\"2017-12-28T11:52:35+00:00\",\"dateModified\":\"2018-01-04T19:51:41+00:00\",\"author\":{\"@id\":\"https:\/\/tw.cm.upt.ro\/b14\/#\/schema\/person\/fb766146f318b0e7deb68873b13c8b90\"},\"breadcrumb\":{\"@id\":\"https:\/\/tw.cm.upt.ro\/b14\/2017\/12\/28\/la-doi-pasi-de-casa-varful-tarcu\/#breadcrumb\"},\"inLanguage\":\"en-US\",\"potentialAction\":[{\"@type\":\"ReadAction\",\"target\":[\"https:\/\/tw.cm.upt.ro\/b14\/2017\/12\/28\/la-doi-pasi-de-casa-varful-tarcu\/\"]}]},{\"@type\":\"ImageObject\",\"inLanguage\":\"en-US\",\"@id\":\"https:\/\/tw.cm.upt.ro\/b14\/2017\/12\/28\/la-doi-pasi-de-casa-varful-tarcu\/#primaryimage\",\"url\":\"https:\/\/tw.cm.upt.ro\/b14\/wp-content\/uploads\/sites\/61\/2017\/12\/20139909_1570286889694379_3150675539828777789_n.jpg\",\"contentUrl\":\"https:\/\/tw.cm.upt.ro\/b14\/wp-content\/uploads\/sites\/61\/2017\/12\/20139909_1570286889694379_3150675539828777789_n.jpg\",\"width\":960,\"height\":540},{\"@type\":\"BreadcrumbList\",\"@id\":\"https:\/\/tw.cm.upt.ro\/b14\/2017\/12\/28\/la-doi-pasi-de-casa-varful-tarcu\/#breadcrumb\",\"itemListElement\":[{\"@type\":\"ListItem\",\"position\":1,\"name\":\"Home\",\"item\":\"https:\/\/tw.cm.upt.ro\/b14\/\"},{\"@type\":\"ListItem\",\"position\":2,\"name\":\"La doi pa\u0219i de cas\u0103 &#8211; V\u00e2rful \u021aarcu\"}]},{\"@type\":\"WebSite\",\"@id\":\"https:\/\/tw.cm.upt.ro\/b14\/#website\",\"url\":\"https:\/\/tw.cm.upt.ro\/b14\/\",\"name\":\"Hiking for beginners\",\"description\":\"Timeea Gaal\",\"potentialAction\":[{\"@type\":\"SearchAction\",\"target\":{\"@type\":\"EntryPoint\",\"urlTemplate\":\"https:\/\/tw.cm.upt.ro\/b14\/?s={search_term_string}\"},\"query-input\":{\"@type\":\"PropertyValueSpecification\",\"valueRequired\":true,\"valueName\":\"search_term_string\"}}],\"inLanguage\":\"en-US\"},{\"@type\":\"Person\",\"@id\":\"https:\/\/tw.cm.upt.ro\/b14\/#\/schema\/person\/fb766146f318b0e7deb68873b13c8b90\",\"name\":\"Timeea G\",\"image\":{\"@type\":\"ImageObject\",\"inLanguage\":\"en-US\",\"@id\":\"https:\/\/tw.cm.upt.ro\/b14\/#\/schema\/person\/image\/\",\"url\":\"https:\/\/secure.gravatar.com\/avatar\/8d3d49e04ccf2d5e7f076c9d21521bb03ba7f8aedc3002be9aa4b4f76f572ae3?s=96&d=mm&r=g\",\"contentUrl\":\"https:\/\/secure.gravatar.com\/avatar\/8d3d49e04ccf2d5e7f076c9d21521bb03ba7f8aedc3002be9aa4b4f76f572ae3?s=96&d=mm&r=g\",\"caption\":\"Timeea G\"},\"url\":\"https:\/\/tw.cm.upt.ro\/b14\/author\/b14\/\"}]}<\/script>\n<!-- \/ Yoast SEO plugin. -->","yoast_head_json":{"title":"La doi pa\u0219i de cas\u0103 - V\u00e2rful \u021aarcu - Hiking for beginners","robots":{"index":"index","follow":"follow","max-snippet":"max-snippet:-1","max-image-preview":"max-image-preview:large","max-video-preview":"max-video-preview:-1"},"canonical":"https:\/\/tw.cm.upt.ro\/b14\/2017\/12\/28\/la-doi-pasi-de-casa-varful-tarcu\/","og_locale":"en_US","og_type":"article","og_title":"La doi pa\u0219i de cas\u0103 - V\u00e2rful \u021aarcu - Hiking for beginners","og_description":"O idee foarte bun\u0103 pentru cei din zona Banatului, de o ie\u0219ire lejer\u0103 de o zi, o repezint\u0103 mun\u021bii \u021aarcu. Traseul este [&hellip;]","og_url":"https:\/\/tw.cm.upt.ro\/b14\/2017\/12\/28\/la-doi-pasi-de-casa-varful-tarcu\/","og_site_name":"Hiking for beginners","article_published_time":"2017-12-28T11:52:35+00:00","article_modified_time":"2018-01-04T19:51:41+00:00","og_image":[{"url":"http:\/\/tw.cm.upt.ro\/b14\/wp-content\/uploads\/sites\/61\/2017\/12\/20139909_1570286889694379_3150675539828777789_n.jpg","type":"","width":"","height":""}],"author":"Timeea G","twitter_card":"summary_large_image","twitter_misc":{"Written by":"Timeea G","Est. reading time":"6 minutes"},"schema":{"@context":"https:\/\/schema.org","@graph":[{"@type":"Article","@id":"https:\/\/tw.cm.upt.ro\/b14\/2017\/12\/28\/la-doi-pasi-de-casa-varful-tarcu\/#article","isPartOf":{"@id":"https:\/\/tw.cm.upt.ro\/b14\/2017\/12\/28\/la-doi-pasi-de-casa-varful-tarcu\/"},"author":{"name":"Timeea G","@id":"https:\/\/tw.cm.upt.ro\/b14\/#\/schema\/person\/fb766146f318b0e7deb68873b13c8b90"},"headline":"La doi pa\u0219i de cas\u0103 &#8211; V\u00e2rful \u021aarcu","datePublished":"2017-12-28T11:52:35+00:00","dateModified":"2018-01-04T19:51:41+00:00","mainEntityOfPage":{"@id":"https:\/\/tw.cm.upt.ro\/b14\/2017\/12\/28\/la-doi-pasi-de-casa-varful-tarcu\/"},"wordCount":1173,"commentCount":0,"image":{"@id":"https:\/\/tw.cm.upt.ro\/b14\/2017\/12\/28\/la-doi-pasi-de-casa-varful-tarcu\/#primaryimage"},"thumbnailUrl":"http:\/\/tw.cm.upt.ro\/b14\/wp-content\/uploads\/sites\/61\/2017\/12\/20139909_1570286889694379_3150675539828777789_n.jpg","keywords":["hiking","mountains","Mun\u021bii \u021aarcu","nature","travelling","V\u00e2rful C\u0103leanu","V\u00e2rful \u021aarcu"],"inLanguage":"en-US","potentialAction":[{"@type":"CommentAction","name":"Comment","target":["https:\/\/tw.cm.upt.ro\/b14\/2017\/12\/28\/la-doi-pasi-de-casa-varful-tarcu\/#respond"]}]},{"@type":"WebPage","@id":"https:\/\/tw.cm.upt.ro\/b14\/2017\/12\/28\/la-doi-pasi-de-casa-varful-tarcu\/","url":"https:\/\/tw.cm.upt.ro\/b14\/2017\/12\/28\/la-doi-pasi-de-casa-varful-tarcu\/","name":"La doi pa\u0219i de cas\u0103 - V\u00e2rful \u021aarcu - Hiking for beginners","isPartOf":{"@id":"https:\/\/tw.cm.upt.ro\/b14\/#website"},"primaryImageOfPage":{"@id":"https:\/\/tw.cm.upt.ro\/b14\/2017\/12\/28\/la-doi-pasi-de-casa-varful-tarcu\/#primaryimage"},"image":{"@id":"https:\/\/tw.cm.upt.ro\/b14\/2017\/12\/28\/la-doi-pasi-de-casa-varful-tarcu\/#primaryimage"},"thumbnailUrl":"http:\/\/tw.cm.upt.ro\/b14\/wp-content\/uploads\/sites\/61\/2017\/12\/20139909_1570286889694379_3150675539828777789_n.jpg","datePublished":"2017-12-28T11:52:35+00:00","dateModified":"2018-01-04T19:51:41+00:00","author":{"@id":"https:\/\/tw.cm.upt.ro\/b14\/#\/schema\/person\/fb766146f318b0e7deb68873b13c8b90"},"breadcrumb":{"@id":"https:\/\/tw.cm.upt.ro\/b14\/2017\/12\/28\/la-doi-pasi-de-casa-varful-tarcu\/#breadcrumb"},"inLanguage":"en-US","potentialAction":[{"@type":"ReadAction","target":["https:\/\/tw.cm.upt.ro\/b14\/2017\/12\/28\/la-doi-pasi-de-casa-varful-tarcu\/"]}]},{"@type":"ImageObject","inLanguage":"en-US","@id":"https:\/\/tw.cm.upt.ro\/b14\/2017\/12\/28\/la-doi-pasi-de-casa-varful-tarcu\/#primaryimage","url":"https:\/\/tw.cm.upt.ro\/b14\/wp-content\/uploads\/sites\/61\/2017\/12\/20139909_1570286889694379_3150675539828777789_n.jpg","contentUrl":"https:\/\/tw.cm.upt.ro\/b14\/wp-content\/uploads\/sites\/61\/2017\/12\/20139909_1570286889694379_3150675539828777789_n.jpg","width":960,"height":540},{"@type":"BreadcrumbList","@id":"https:\/\/tw.cm.upt.ro\/b14\/2017\/12\/28\/la-doi-pasi-de-casa-varful-tarcu\/#breadcrumb","itemListElement":[{"@type":"ListItem","position":1,"name":"Home","item":"https:\/\/tw.cm.upt.ro\/b14\/"},{"@type":"ListItem","position":2,"name":"La doi pa\u0219i de cas\u0103 &#8211; V\u00e2rful \u021aarcu"}]},{"@type":"WebSite","@id":"https:\/\/tw.cm.upt.ro\/b14\/#website","url":"https:\/\/tw.cm.upt.ro\/b14\/","name":"Hiking for beginners","description":"Timeea Gaal","potentialAction":[{"@type":"SearchAction","target":{"@type":"EntryPoint","urlTemplate":"https:\/\/tw.cm.upt.ro\/b14\/?s={search_term_string}"},"query-input":{"@type":"PropertyValueSpecification","valueRequired":true,"valueName":"search_term_string"}}],"inLanguage":"en-US"},{"@type":"Person","@id":"https:\/\/tw.cm.upt.ro\/b14\/#\/schema\/person\/fb766146f318b0e7deb68873b13c8b90","name":"Timeea G","image":{"@type":"ImageObject","inLanguage":"en-US","@id":"https:\/\/tw.cm.upt.ro\/b14\/#\/schema\/person\/image\/","url":"https:\/\/secure.gravatar.com\/avatar\/8d3d49e04ccf2d5e7f076c9d21521bb03ba7f8aedc3002be9aa4b4f76f572ae3?s=96&d=mm&r=g","contentUrl":"https:\/\/secure.gravatar.com\/avatar\/8d3d49e04ccf2d5e7f076c9d21521bb03ba7f8aedc3002be9aa4b4f76f572ae3?s=96&d=mm&r=g","caption":"Timeea G"},"url":"https:\/\/tw.cm.upt.ro\/b14\/author\/b14\/"}]}},"jetpack_featured_media_url":"","_links":{"self":[{"href":"https:\/\/tw.cm.upt.ro\/b14\/wp-json\/wp\/v2\/posts\/84","targetHints":{"allow":["GET"]}}],"collection":[{"href":"https:\/\/tw.cm.upt.ro\/b14\/wp-json\/wp\/v2\/posts"}],"about":[{"href":"https:\/\/tw.cm.upt.ro\/b14\/wp-json\/wp\/v2\/types\/post"}],"author":[{"embeddable":true,"href":"https:\/\/tw.cm.upt.ro\/b14\/wp-json\/wp\/v2\/users\/58"}],"replies":[{"embeddable":true,"href":"https:\/\/tw.cm.upt.ro\/b14\/wp-json\/wp\/v2\/comments?post=84"}],"version-history":[{"count":4,"href":"https:\/\/tw.cm.upt.ro\/b14\/wp-json\/wp\/v2\/posts\/84\/revisions"}],"predecessor-version":[{"id":111,"href":"https:\/\/tw.cm.upt.ro\/b14\/wp-json\/wp\/v2\/posts\/84\/revisions\/111"}],"wp:attachment":[{"href":"https:\/\/tw.cm.upt.ro\/b14\/wp-json\/wp\/v2\/media?parent=84"}],"wp:term":[{"taxonomy":"category","embeddable":true,"href":"https:\/\/tw.cm.upt.ro\/b14\/wp-json\/wp\/v2\/categories?post=84"},{"taxonomy":"post_tag","embeddable":true,"href":"https:\/\/tw.cm.upt.ro\/b14\/wp-json\/wp\/v2\/tags?post=84"}],"curies":[{"name":"wp","href":"https:\/\/api.w.org\/{rel}","templated":true}]}}