{"id":22,"date":"2017-11-03T22:13:26","date_gmt":"2017-11-03T22:13:26","guid":{"rendered":"http:\/\/tw.cm.upt.ro\/b25\/?p=22"},"modified":"2017-12-29T22:36:11","modified_gmt":"2017-12-29T22:36:11","slug":"unde-ne-grabim","status":"publish","type":"post","link":"https:\/\/tw.cm.upt.ro\/b25\/2017\/11\/03\/unde-ne-grabim\/","title":{"rendered":"Unde ne gr\u0103bim?"},"content":{"rendered":"<div id=\"fb-root\"><\/div>\n<p>&nbsp;<\/p>\n<hr \/>\n<p><strong>Te-ai intrebat \u0219i tu vreodat\u0103 unde ne gr\u0103bim? Unde te gr\u0103be\u0219ti tu, unde se gr\u0103besc cei din jurul t\u0103u, unde ne gr\u0103bim noi oamenii \u00een general?<\/strong><\/p>\n<p><img fetchpriority=\"high\" decoding=\"async\" class=\"alignnone wp-image-23\" src=\"http:\/\/tw.cm.upt.ro\/b25\/wp-content\/uploads\/sites\/68\/2017\/11\/catedrala-300x225.jpg\" alt=\"catedrala\" width=\"327\" height=\"285\" \/><\/p>\n<p>\u00centr-o zi m-am trezit alerg\u00e2nd dup\u0103 autobuz ( pe care nu l-am prins), iar de acolo a \u00eenceput totul. M-am \u00eentrebat de ce alerg dup\u0103 un autobuz care va mai veni din nou \u00een alte c\u00e2teva minute.<\/p>\n<p>\u00cen continuare m\u0103 \u00eentreb <strong>de ce ne gr\u0103bim \u00een aproape tot ceea ce facem? <\/strong><\/p>\n<p>De ce acceler\u0103m pasul de\u0219i nu ne gr\u0103bim nic\u0103ieri, de ce nu mai ridic\u0103m privirea din p\u0103m\u00e2nt \u0219i telefoane ca s\u0103 privim pu\u021bin \u00een jurul nostru?<\/p>\n<p>De ce ne gr\u0103bim atunci c\u00e2nd iubim?<\/p>\n<p>De ce ne gr\u0103bim c\u00e2nd savur\u0103m ceva?<\/p>\n<p>De ce ne gr\u0103bim pe noi \u00een\u0219ine? De ce nu ne d\u0103m timp?<\/p>\n<p>Nu am un r\u0103spuns acum la toate astea.<\/p>\n<p><strong>Poate c\u0103 nu e bine nici s\u0103 te gr\u0103be\u0219ti \u00een a-\u021bi pune at\u00e2tea \u00eentreb\u0103ri, \u00eens\u0103 prefer s\u0103 r\u0103m\u00e2n cu privirea sus, s\u0103 p\u0103\u0219esc \u00eencet, s\u0103 m\u0103 bucur de ce e \u00een jurul meu \u0219i s\u0103 meditez la tot felul de astfel de lucruri.<\/strong><\/p>\n<hr \/>\n<p>&nbsp;<\/p>\n","protected":false},"excerpt":{"rendered":"<p>&nbsp; Te-ai intrebat \u0219i tu vreodat\u0103 unde ne gr\u0103bim? Unde te gr\u0103be\u0219ti tu, unde se gr\u0103besc cei din jurul t\u0103u, unde ne gr\u0103bim noi oamenii \u00een general? \u00centr-o zi m-am trezit alerg\u00e2nd dup\u0103 autobuz ( pe care nu l-am prins), iar de acolo a&#8230;<\/p>\n","protected":false},"author":65,"featured_media":0,"comment_status":"open","ping_status":"open","sticky":false,"template":"","format":"standard","meta":{"wprm-recipe-roundup-name":"","wprm-recipe-roundup-description":"","ngg_post_thumbnail":0,"footnotes":""},"categories":[1],"tags":[],"class_list":["post-22","post","type-post","status-publish","format-standard","hentry","category-uncategorized"],"yoast_head":"<!-- This site is optimized with the Yoast SEO plugin v27.1.1 - https:\/\/yoast.com\/product\/yoast-seo-wordpress\/ -->\n<title>Unde ne gr\u0103bim? - Blogul unui om simplu<\/title>\n<meta name=\"robots\" content=\"index, follow, max-snippet:-1, max-image-preview:large, max-video-preview:-1\" \/>\n<link rel=\"canonical\" href=\"https:\/\/tw.cm.upt.ro\/b25\/2017\/11\/03\/unde-ne-grabim\/\" \/>\n<meta property=\"og:locale\" content=\"en_US\" \/>\n<meta property=\"og:type\" content=\"article\" \/>\n<meta property=\"og:title\" content=\"Unde ne gr\u0103bim? - Blogul unui om simplu\" \/>\n<meta property=\"og:description\" content=\"&nbsp; Te-ai intrebat \u0219i tu vreodat\u0103 unde ne gr\u0103bim? Unde te gr\u0103be\u0219ti tu, unde se gr\u0103besc cei din jurul t\u0103u, unde ne gr\u0103bim noi oamenii \u00een general? \u00centr-o zi m-am trezit alerg\u00e2nd dup\u0103 autobuz ( pe care nu l-am prins), iar de acolo a...\" \/>\n<meta property=\"og:url\" content=\"https:\/\/tw.cm.upt.ro\/b25\/2017\/11\/03\/unde-ne-grabim\/\" \/>\n<meta property=\"og:site_name\" content=\"Blogul unui om simplu\" \/>\n<meta property=\"article:published_time\" content=\"2017-11-03T22:13:26+00:00\" \/>\n<meta property=\"article:modified_time\" content=\"2017-12-29T22:36:11+00:00\" \/>\n<meta property=\"og:image\" content=\"http:\/\/tw.cm.upt.ro\/b25\/wp-content\/uploads\/sites\/68\/2017\/11\/catedrala-300x225.jpg\" \/>\n<meta name=\"author\" content=\"Alexandra\" \/>\n<meta name=\"twitter:card\" content=\"summary_large_image\" \/>\n<meta name=\"twitter:label1\" content=\"Written by\" \/>\n\t<meta name=\"twitter:data1\" content=\"Alexandra\" \/>\n\t<meta name=\"twitter:label2\" content=\"Est. reading time\" \/>\n\t<meta name=\"twitter:data2\" content=\"1 minute\" \/>\n<script type=\"application\/ld+json\" class=\"yoast-schema-graph\">{\"@context\":\"https:\/\/schema.org\",\"@graph\":[{\"@type\":\"Article\",\"@id\":\"https:\/\/tw.cm.upt.ro\/b25\/2017\/11\/03\/unde-ne-grabim\/#article\",\"isPartOf\":{\"@id\":\"https:\/\/tw.cm.upt.ro\/b25\/2017\/11\/03\/unde-ne-grabim\/\"},\"author\":{\"name\":\"Alexandra\",\"@id\":\"https:\/\/tw.cm.upt.ro\/b25\/#\/schema\/person\/543491579c7ddedc5568b5a30cac6d43\"},\"headline\":\"Unde ne gr\u0103bim?\",\"datePublished\":\"2017-11-03T22:13:26+00:00\",\"dateModified\":\"2017-12-29T22:36:11+00:00\",\"mainEntityOfPage\":{\"@id\":\"https:\/\/tw.cm.upt.ro\/b25\/2017\/11\/03\/unde-ne-grabim\/\"},\"wordCount\":220,\"commentCount\":6,\"image\":{\"@id\":\"https:\/\/tw.cm.upt.ro\/b25\/2017\/11\/03\/unde-ne-grabim\/#primaryimage\"},\"thumbnailUrl\":\"http:\/\/tw.cm.upt.ro\/b25\/wp-content\/uploads\/sites\/68\/2017\/11\/catedrala-300x225.jpg\",\"articleSection\":[\"De-ale sufletului\"],\"inLanguage\":\"en-US\",\"potentialAction\":[{\"@type\":\"CommentAction\",\"name\":\"Comment\",\"target\":[\"https:\/\/tw.cm.upt.ro\/b25\/2017\/11\/03\/unde-ne-grabim\/#respond\"]}]},{\"@type\":\"WebPage\",\"@id\":\"https:\/\/tw.cm.upt.ro\/b25\/2017\/11\/03\/unde-ne-grabim\/\",\"url\":\"https:\/\/tw.cm.upt.ro\/b25\/2017\/11\/03\/unde-ne-grabim\/\",\"name\":\"Unde ne gr\u0103bim? - Blogul unui om simplu\",\"isPartOf\":{\"@id\":\"https:\/\/tw.cm.upt.ro\/b25\/#website\"},\"primaryImageOfPage\":{\"@id\":\"https:\/\/tw.cm.upt.ro\/b25\/2017\/11\/03\/unde-ne-grabim\/#primaryimage\"},\"image\":{\"@id\":\"https:\/\/tw.cm.upt.ro\/b25\/2017\/11\/03\/unde-ne-grabim\/#primaryimage\"},\"thumbnailUrl\":\"http:\/\/tw.cm.upt.ro\/b25\/wp-content\/uploads\/sites\/68\/2017\/11\/catedrala-300x225.jpg\",\"datePublished\":\"2017-11-03T22:13:26+00:00\",\"dateModified\":\"2017-12-29T22:36:11+00:00\",\"author\":{\"@id\":\"https:\/\/tw.cm.upt.ro\/b25\/#\/schema\/person\/543491579c7ddedc5568b5a30cac6d43\"},\"breadcrumb\":{\"@id\":\"https:\/\/tw.cm.upt.ro\/b25\/2017\/11\/03\/unde-ne-grabim\/#breadcrumb\"},\"inLanguage\":\"en-US\",\"potentialAction\":[{\"@type\":\"ReadAction\",\"target\":[\"https:\/\/tw.cm.upt.ro\/b25\/2017\/11\/03\/unde-ne-grabim\/\"]}]},{\"@type\":\"ImageObject\",\"inLanguage\":\"en-US\",\"@id\":\"https:\/\/tw.cm.upt.ro\/b25\/2017\/11\/03\/unde-ne-grabim\/#primaryimage\",\"url\":\"https:\/\/tw.cm.upt.ro\/b25\/wp-content\/uploads\/sites\/68\/2017\/11\/catedrala.jpg\",\"contentUrl\":\"https:\/\/tw.cm.upt.ro\/b25\/wp-content\/uploads\/sites\/68\/2017\/11\/catedrala.jpg\",\"width\":3648,\"height\":2736},{\"@type\":\"BreadcrumbList\",\"@id\":\"https:\/\/tw.cm.upt.ro\/b25\/2017\/11\/03\/unde-ne-grabim\/#breadcrumb\",\"itemListElement\":[{\"@type\":\"ListItem\",\"position\":1,\"name\":\"Home\",\"item\":\"https:\/\/tw.cm.upt.ro\/b25\/\"},{\"@type\":\"ListItem\",\"position\":2,\"name\":\"Unde ne gr\u0103bim?\"}]},{\"@type\":\"WebSite\",\"@id\":\"https:\/\/tw.cm.upt.ro\/b25\/#website\",\"url\":\"https:\/\/tw.cm.upt.ro\/b25\/\",\"name\":\"Blogul unui om simplu\",\"description\":\"Despre lucruri simple \u0219i semnificative\",\"potentialAction\":[{\"@type\":\"SearchAction\",\"target\":{\"@type\":\"EntryPoint\",\"urlTemplate\":\"https:\/\/tw.cm.upt.ro\/b25\/?s={search_term_string}\"},\"query-input\":{\"@type\":\"PropertyValueSpecification\",\"valueRequired\":true,\"valueName\":\"search_term_string\"}}],\"inLanguage\":\"en-US\"},{\"@type\":\"Person\",\"@id\":\"https:\/\/tw.cm.upt.ro\/b25\/#\/schema\/person\/543491579c7ddedc5568b5a30cac6d43\",\"name\":\"Alexandra\",\"image\":{\"@type\":\"ImageObject\",\"inLanguage\":\"en-US\",\"@id\":\"https:\/\/tw.cm.upt.ro\/b25\/#\/schema\/person\/image\/\",\"url\":\"https:\/\/secure.gravatar.com\/avatar\/d3c76b3b6c2faf695e5bc327fb59a1c2612d91fa4bb6d68793cf0e371983a0ef?s=96&d=mm&r=g\",\"contentUrl\":\"https:\/\/secure.gravatar.com\/avatar\/d3c76b3b6c2faf695e5bc327fb59a1c2612d91fa4bb6d68793cf0e371983a0ef?s=96&d=mm&r=g\",\"caption\":\"Alexandra\"},\"url\":\"https:\/\/tw.cm.upt.ro\/b25\/author\/b25\/\"}]}<\/script>\n<!-- \/ Yoast SEO plugin. -->","yoast_head_json":{"title":"Unde ne gr\u0103bim? - Blogul unui om simplu","robots":{"index":"index","follow":"follow","max-snippet":"max-snippet:-1","max-image-preview":"max-image-preview:large","max-video-preview":"max-video-preview:-1"},"canonical":"https:\/\/tw.cm.upt.ro\/b25\/2017\/11\/03\/unde-ne-grabim\/","og_locale":"en_US","og_type":"article","og_title":"Unde ne gr\u0103bim? - Blogul unui om simplu","og_description":"&nbsp; Te-ai intrebat \u0219i tu vreodat\u0103 unde ne gr\u0103bim? Unde te gr\u0103be\u0219ti tu, unde se gr\u0103besc cei din jurul t\u0103u, unde ne gr\u0103bim noi oamenii \u00een general? \u00centr-o zi m-am trezit alerg\u00e2nd dup\u0103 autobuz ( pe care nu l-am prins), iar de acolo a...","og_url":"https:\/\/tw.cm.upt.ro\/b25\/2017\/11\/03\/unde-ne-grabim\/","og_site_name":"Blogul unui om simplu","article_published_time":"2017-11-03T22:13:26+00:00","article_modified_time":"2017-12-29T22:36:11+00:00","og_image":[{"url":"http:\/\/tw.cm.upt.ro\/b25\/wp-content\/uploads\/sites\/68\/2017\/11\/catedrala-300x225.jpg","type":"","width":"","height":""}],"author":"Alexandra","twitter_card":"summary_large_image","twitter_misc":{"Written by":"Alexandra","Est. reading time":"1 minute"},"schema":{"@context":"https:\/\/schema.org","@graph":[{"@type":"Article","@id":"https:\/\/tw.cm.upt.ro\/b25\/2017\/11\/03\/unde-ne-grabim\/#article","isPartOf":{"@id":"https:\/\/tw.cm.upt.ro\/b25\/2017\/11\/03\/unde-ne-grabim\/"},"author":{"name":"Alexandra","@id":"https:\/\/tw.cm.upt.ro\/b25\/#\/schema\/person\/543491579c7ddedc5568b5a30cac6d43"},"headline":"Unde ne gr\u0103bim?","datePublished":"2017-11-03T22:13:26+00:00","dateModified":"2017-12-29T22:36:11+00:00","mainEntityOfPage":{"@id":"https:\/\/tw.cm.upt.ro\/b25\/2017\/11\/03\/unde-ne-grabim\/"},"wordCount":220,"commentCount":6,"image":{"@id":"https:\/\/tw.cm.upt.ro\/b25\/2017\/11\/03\/unde-ne-grabim\/#primaryimage"},"thumbnailUrl":"http:\/\/tw.cm.upt.ro\/b25\/wp-content\/uploads\/sites\/68\/2017\/11\/catedrala-300x225.jpg","articleSection":["De-ale sufletului"],"inLanguage":"en-US","potentialAction":[{"@type":"CommentAction","name":"Comment","target":["https:\/\/tw.cm.upt.ro\/b25\/2017\/11\/03\/unde-ne-grabim\/#respond"]}]},{"@type":"WebPage","@id":"https:\/\/tw.cm.upt.ro\/b25\/2017\/11\/03\/unde-ne-grabim\/","url":"https:\/\/tw.cm.upt.ro\/b25\/2017\/11\/03\/unde-ne-grabim\/","name":"Unde ne gr\u0103bim? - Blogul unui om simplu","isPartOf":{"@id":"https:\/\/tw.cm.upt.ro\/b25\/#website"},"primaryImageOfPage":{"@id":"https:\/\/tw.cm.upt.ro\/b25\/2017\/11\/03\/unde-ne-grabim\/#primaryimage"},"image":{"@id":"https:\/\/tw.cm.upt.ro\/b25\/2017\/11\/03\/unde-ne-grabim\/#primaryimage"},"thumbnailUrl":"http:\/\/tw.cm.upt.ro\/b25\/wp-content\/uploads\/sites\/68\/2017\/11\/catedrala-300x225.jpg","datePublished":"2017-11-03T22:13:26+00:00","dateModified":"2017-12-29T22:36:11+00:00","author":{"@id":"https:\/\/tw.cm.upt.ro\/b25\/#\/schema\/person\/543491579c7ddedc5568b5a30cac6d43"},"breadcrumb":{"@id":"https:\/\/tw.cm.upt.ro\/b25\/2017\/11\/03\/unde-ne-grabim\/#breadcrumb"},"inLanguage":"en-US","potentialAction":[{"@type":"ReadAction","target":["https:\/\/tw.cm.upt.ro\/b25\/2017\/11\/03\/unde-ne-grabim\/"]}]},{"@type":"ImageObject","inLanguage":"en-US","@id":"https:\/\/tw.cm.upt.ro\/b25\/2017\/11\/03\/unde-ne-grabim\/#primaryimage","url":"https:\/\/tw.cm.upt.ro\/b25\/wp-content\/uploads\/sites\/68\/2017\/11\/catedrala.jpg","contentUrl":"https:\/\/tw.cm.upt.ro\/b25\/wp-content\/uploads\/sites\/68\/2017\/11\/catedrala.jpg","width":3648,"height":2736},{"@type":"BreadcrumbList","@id":"https:\/\/tw.cm.upt.ro\/b25\/2017\/11\/03\/unde-ne-grabim\/#breadcrumb","itemListElement":[{"@type":"ListItem","position":1,"name":"Home","item":"https:\/\/tw.cm.upt.ro\/b25\/"},{"@type":"ListItem","position":2,"name":"Unde ne gr\u0103bim?"}]},{"@type":"WebSite","@id":"https:\/\/tw.cm.upt.ro\/b25\/#website","url":"https:\/\/tw.cm.upt.ro\/b25\/","name":"Blogul unui om simplu","description":"Despre lucruri simple \u0219i semnificative","potentialAction":[{"@type":"SearchAction","target":{"@type":"EntryPoint","urlTemplate":"https:\/\/tw.cm.upt.ro\/b25\/?s={search_term_string}"},"query-input":{"@type":"PropertyValueSpecification","valueRequired":true,"valueName":"search_term_string"}}],"inLanguage":"en-US"},{"@type":"Person","@id":"https:\/\/tw.cm.upt.ro\/b25\/#\/schema\/person\/543491579c7ddedc5568b5a30cac6d43","name":"Alexandra","image":{"@type":"ImageObject","inLanguage":"en-US","@id":"https:\/\/tw.cm.upt.ro\/b25\/#\/schema\/person\/image\/","url":"https:\/\/secure.gravatar.com\/avatar\/d3c76b3b6c2faf695e5bc327fb59a1c2612d91fa4bb6d68793cf0e371983a0ef?s=96&d=mm&r=g","contentUrl":"https:\/\/secure.gravatar.com\/avatar\/d3c76b3b6c2faf695e5bc327fb59a1c2612d91fa4bb6d68793cf0e371983a0ef?s=96&d=mm&r=g","caption":"Alexandra"},"url":"https:\/\/tw.cm.upt.ro\/b25\/author\/b25\/"}]}},"jetpack_featured_media_url":"","_links":{"self":[{"href":"https:\/\/tw.cm.upt.ro\/b25\/wp-json\/wp\/v2\/posts\/22","targetHints":{"allow":["GET"]}}],"collection":[{"href":"https:\/\/tw.cm.upt.ro\/b25\/wp-json\/wp\/v2\/posts"}],"about":[{"href":"https:\/\/tw.cm.upt.ro\/b25\/wp-json\/wp\/v2\/types\/post"}],"author":[{"embeddable":true,"href":"https:\/\/tw.cm.upt.ro\/b25\/wp-json\/wp\/v2\/users\/65"}],"replies":[{"embeddable":true,"href":"https:\/\/tw.cm.upt.ro\/b25\/wp-json\/wp\/v2\/comments?post=22"}],"version-history":[{"count":8,"href":"https:\/\/tw.cm.upt.ro\/b25\/wp-json\/wp\/v2\/posts\/22\/revisions"}],"predecessor-version":[{"id":65,"href":"https:\/\/tw.cm.upt.ro\/b25\/wp-json\/wp\/v2\/posts\/22\/revisions\/65"}],"wp:attachment":[{"href":"https:\/\/tw.cm.upt.ro\/b25\/wp-json\/wp\/v2\/media?parent=22"}],"wp:term":[{"taxonomy":"category","embeddable":true,"href":"https:\/\/tw.cm.upt.ro\/b25\/wp-json\/wp\/v2\/categories?post=22"},{"taxonomy":"post_tag","embeddable":true,"href":"https:\/\/tw.cm.upt.ro\/b25\/wp-json\/wp\/v2\/tags?post=22"}],"curies":[{"name":"wp","href":"https:\/\/api.w.org\/{rel}","templated":true}]}}