{"id":14,"date":"2017-10-26T11:58:58","date_gmt":"2017-10-26T11:58:58","guid":{"rendered":"http:\/\/tw.cm.upt.ro\/b28\/?p=14"},"modified":"2018-01-08T12:10:24","modified_gmt":"2018-01-08T12:10:24","slug":"anina-o-iubire-cat-o-viata","status":"publish","type":"post","link":"https:\/\/tw.cm.upt.ro\/b28\/2017\/10\/26\/anina-o-iubire-cat-o-viata\/","title":{"rendered":"Anina, o iubire c\u00e2t o via\u021b\u0103"},"content":{"rendered":"<div id=\"fb-root\"><\/div>\n<p style=\"text-align: left\">Unii spun c\u0103 acas\u0103 este acolo unde \u00ee\u0163i este inima, al\u0163ii spun c\u0103 acas\u0103 este acolo unde e mama ta. \u00cen ceea ce m\u0103 prive\u015fte sunt de acord cu ambele afirma\u0163ii. Pentru mine acas\u0103 este Anina, acolo unde \u00eemi sunt inima \u015fi g\u00e2ndul, acolo unde sunt p\u0103rin\u0163ii mei.<br \/>\nPentru a realiza o descriere obiectiv\u0103 a ora\u015fului Anina pot spune c\u0103 este un ora\u015f situat \u00een sud-vestul Rom\u00e2niei, \u00een partea central\u0103 a jude\u0163ului Cara\u015f-Severin, \u00een inima mun\u0163ilor Aninei ce reprezint\u0103 extensia sudic\u0103 a Carpa\u0163ilor Occidentali. Suprafa\u0163a total\u0103 a localit\u0103\u0163ii este de 14 696 ha cu o popula\u0163ie de aproximativ 7 000 de locuitori. Informa\u0163ii despre localitatea Anina dateaz\u0103 \u00eenc\u0103 din anul 1773, iar \u00een anul 1952 dob\u00e2nde\u015fte statut de ora\u015f sub denumirea de Anina. Aceast\u0103 localitate s-a dezvoltat rapid \u00een jurul exploat\u0103rilor de huil\u0103 devenind un important centru carbonifer, dar \u015fi datorit\u0103 exploat\u0103rii forestiere din zon\u0103.<br \/>\nDin punct de vedere subiectiv, pot spune c\u0103 Anina este locul unde \u00een dimine\u0163ile de var\u0103 c\u00e2nd te treze\u015fti \u015fi prive\u015fti pe geam vezi p\u0103durea verde \u00een fa\u0163\u0103 \u015fi soarele r\u0103s\u0103rind din spatele ei. Anina este ora\u015ful copil\u0103riei \u015fi adolescen\u0163ei mele. Este locul \u00een care a\u015ftept cu drag \u015fi ner\u0103bdare s\u0103 m\u0103 \u00eentorc, este locul unde se afl\u0103 o parte din oamenii care mi-au oferit cele mai frumoase momente \u015fi care azi s-au transformat \u00een amintiri nepre\u0163uite.<\/p>\n<p style=\"text-align: left\"><img fetchpriority=\"high\" decoding=\"async\" class=\"aligncenter size-medium wp-image-207\" src=\"http:\/\/tw.cm.upt.ro\/b28\/wp-content\/uploads\/sites\/70\/2017\/10\/20160507_121011-300x225.jpg\" alt=\"20160507_121011\" width=\"300\" height=\"225\" srcset=\"https:\/\/tw.cm.upt.ro\/b28\/wp-content\/uploads\/sites\/70\/2017\/10\/20160507_121011-300x225.jpg 300w, https:\/\/tw.cm.upt.ro\/b28\/wp-content\/uploads\/sites\/70\/2017\/10\/20160507_121011-768x576.jpg 768w, https:\/\/tw.cm.upt.ro\/b28\/wp-content\/uploads\/sites\/70\/2017\/10\/20160507_121011.jpg 800w\" sizes=\"(max-width: 300px) 100vw, 300px\" \/><br \/>\nMomentul \u00een care a trebuit s\u0103 plec de acas\u0103 a fost atunci c\u00e2nd am terminat liceul \u015fi am venit la Timi\u015foara la facultate. Cu greu m-am desp\u0103r\u0163it de cas\u0103, iar acum \u00eemi vin \u00een minte versurile poeziei \u201eCasa noastr\u0103\u201d a lui Octavian Goga:<\/p>\n<p style=\"text-align: center\">\u201e\u015ei uite-mi trec pe dinainte<br \/>\n\u00cen r\u00e2nduri-r\u00e2nduri toate cele:<br \/>\nOra\u015ful \u00eennegrit de fumuri<br \/>\n\u015ei toate pl\u00e2nsetele mele.<br \/>\n&#8230;&#8230;&#8230;&#8230;&#8230;&#8230;&#8230;&#8230;&#8230;&#8230;&#8230;&#8230;&#8230;<br \/>\n\u015ei ca un c\u00e2ntec, cum s-a stins<br \/>\nFrumoasa mea copil\u0103rie.\u201d<\/p>\n","protected":false},"excerpt":{"rendered":"<p>Unii spun c\u0103 acas\u0103 este acolo unde \u00ee\u0163i este inima, al\u0163ii spun c\u0103 acas\u0103 este acolo unde e mama ta. \u00cen ceea ce m\u0103 prive\u015fte sunt de acord cu ambele afirma\u0163ii. Pentru mine acas\u0103 este Anina, acolo unde \u00eemi sunt inima \u015fi g\u00e2ndul, acolo unde sunt p\u0103rin\u0163ii mei. Pentru a realiza o descriere obiectiv\u0103 a ora\u015fului Anina pot spune c\u0103 este un ora\u015f situat \u00een sud-vestul Rom\u00e2niei, \u00een partea central\u0103 a jude\u0163ului Cara\u015f-Severin, \u00een inima mun\u0163ilor Aninei ce reprezint\u0103 extensia sudic\u0103 a Carpa\u0163ilor Occidentali. Suprafa\u0163a total\u0103 a localit\u0103\u0163ii este de 14 696 ha cu o popula\u0163ie de aproximativ 7 000 [&hellip;]<\/p>\n","protected":false},"author":67,"featured_media":206,"comment_status":"open","ping_status":"open","sticky":false,"template":"","format":"standard","meta":{"wprm-recipe-roundup-name":"","wprm-recipe-roundup-description":"","sfsi_plus_gutenberg_text_before_share":"","sfsi_plus_gutenberg_show_text_before_share":"","sfsi_plus_gutenberg_icon_type":"","sfsi_plus_gutenberg_icon_alignemt":"","sfsi_plus_gutenburg_max_per_row":"","ngg_post_thumbnail":0,"footnotes":""},"categories":[6],"tags":[22,13,23,46],"class_list":["post-14","post","type-post","status-publish","format-standard","has-post-thumbnail","hentry","category-orasul-natal","tag-acasa","tag-anina","tag-centru-carbonifer","tag-orasul-natal"],"yoast_head":"<!-- This site is optimized with the Yoast SEO plugin v27.1.1 - https:\/\/yoast.com\/product\/yoast-seo-wordpress\/ -->\n<title>Anina, o iubire c\u00e2t o via\u021b\u0103 - Corina Popovici<\/title>\n<meta name=\"robots\" content=\"index, follow, max-snippet:-1, max-image-preview:large, max-video-preview:-1\" \/>\n<link rel=\"canonical\" href=\"https:\/\/tw.cm.upt.ro\/b28\/2017\/10\/26\/anina-o-iubire-cat-o-viata\/\" \/>\n<meta property=\"og:locale\" content=\"en_US\" \/>\n<meta property=\"og:type\" content=\"article\" \/>\n<meta property=\"og:title\" content=\"Anina, o iubire c\u00e2t o via\u021b\u0103 - Corina Popovici\" \/>\n<meta property=\"og:description\" content=\"Unii spun c\u0103 acas\u0103 este acolo unde \u00ee\u0163i este inima, al\u0163ii spun c\u0103 acas\u0103 este acolo unde e mama ta. \u00cen ceea ce m\u0103 prive\u015fte sunt de acord cu ambele afirma\u0163ii. Pentru mine acas\u0103 este Anina, acolo unde \u00eemi sunt inima \u015fi g\u00e2ndul, acolo unde sunt p\u0103rin\u0163ii mei. Pentru a realiza o descriere obiectiv\u0103 a ora\u015fului Anina pot spune c\u0103 este un ora\u015f situat \u00een sud-vestul Rom\u00e2niei, \u00een partea central\u0103 a jude\u0163ului Cara\u015f-Severin, \u00een inima mun\u0163ilor Aninei ce reprezint\u0103 extensia sudic\u0103 a Carpa\u0163ilor Occidentali. Suprafa\u0163a total\u0103 a localit\u0103\u0163ii este de 14 696 ha cu o popula\u0163ie de aproximativ 7 000 [&hellip;]\" \/>\n<meta property=\"og:url\" content=\"https:\/\/tw.cm.upt.ro\/b28\/2017\/10\/26\/anina-o-iubire-cat-o-viata\/\" \/>\n<meta property=\"og:site_name\" content=\"Corina Popovici\" \/>\n<meta property=\"article:published_time\" content=\"2017-10-26T11:58:58+00:00\" \/>\n<meta property=\"article:modified_time\" content=\"2018-01-08T12:10:24+00:00\" \/>\n<meta property=\"og:image\" content=\"https:\/\/tw.cm.upt.ro\/b28\/wp-content\/uploads\/sites\/70\/2017\/10\/200620116227-Anina.jpg\" \/>\n\t<meta property=\"og:image:width\" content=\"1600\" \/>\n\t<meta property=\"og:image:height\" content=\"1200\" \/>\n\t<meta property=\"og:image:type\" content=\"image\/jpeg\" \/>\n<meta name=\"author\" content=\"b28\" \/>\n<meta name=\"twitter:card\" content=\"summary_large_image\" \/>\n<meta name=\"twitter:label1\" content=\"Written by\" \/>\n\t<meta name=\"twitter:data1\" content=\"b28\" \/>\n\t<meta name=\"twitter:label2\" content=\"Est. reading time\" \/>\n\t<meta name=\"twitter:data2\" content=\"2 minutes\" \/>\n<script type=\"application\/ld+json\" class=\"yoast-schema-graph\">{\"@context\":\"https:\/\/schema.org\",\"@graph\":[{\"@type\":\"Article\",\"@id\":\"https:\/\/tw.cm.upt.ro\/b28\/2017\/10\/26\/anina-o-iubire-cat-o-viata\/#article\",\"isPartOf\":{\"@id\":\"https:\/\/tw.cm.upt.ro\/b28\/2017\/10\/26\/anina-o-iubire-cat-o-viata\/\"},\"author\":{\"name\":\"b28\",\"@id\":\"https:\/\/tw.cm.upt.ro\/b28\/#\/schema\/person\/8167b6fc490fc5d22c0fd399b1c9c985\"},\"headline\":\"Anina, o iubire c\u00e2t o via\u021b\u0103\",\"datePublished\":\"2017-10-26T11:58:58+00:00\",\"dateModified\":\"2018-01-08T12:10:24+00:00\",\"mainEntityOfPage\":{\"@id\":\"https:\/\/tw.cm.upt.ro\/b28\/2017\/10\/26\/anina-o-iubire-cat-o-viata\/\"},\"wordCount\":336,\"commentCount\":17,\"image\":{\"@id\":\"https:\/\/tw.cm.upt.ro\/b28\/2017\/10\/26\/anina-o-iubire-cat-o-viata\/#primaryimage\"},\"thumbnailUrl\":\"https:\/\/tw.cm.upt.ro\/b28\/wp-content\/uploads\/sites\/70\/2017\/10\/200620116227-Anina.jpg\",\"keywords\":[\"Acasa\",\"Anina\",\"Centru carbonifer\",\"Ora\u0219ul natal\"],\"articleSection\":[\"Ora\u0219ul natal\"],\"inLanguage\":\"en-US\",\"potentialAction\":[{\"@type\":\"CommentAction\",\"name\":\"Comment\",\"target\":[\"https:\/\/tw.cm.upt.ro\/b28\/2017\/10\/26\/anina-o-iubire-cat-o-viata\/#respond\"]}]},{\"@type\":\"WebPage\",\"@id\":\"https:\/\/tw.cm.upt.ro\/b28\/2017\/10\/26\/anina-o-iubire-cat-o-viata\/\",\"url\":\"https:\/\/tw.cm.upt.ro\/b28\/2017\/10\/26\/anina-o-iubire-cat-o-viata\/\",\"name\":\"Anina, o iubire c\u00e2t o via\u021b\u0103 - Corina Popovici\",\"isPartOf\":{\"@id\":\"https:\/\/tw.cm.upt.ro\/b28\/#website\"},\"primaryImageOfPage\":{\"@id\":\"https:\/\/tw.cm.upt.ro\/b28\/2017\/10\/26\/anina-o-iubire-cat-o-viata\/#primaryimage\"},\"image\":{\"@id\":\"https:\/\/tw.cm.upt.ro\/b28\/2017\/10\/26\/anina-o-iubire-cat-o-viata\/#primaryimage\"},\"thumbnailUrl\":\"https:\/\/tw.cm.upt.ro\/b28\/wp-content\/uploads\/sites\/70\/2017\/10\/200620116227-Anina.jpg\",\"datePublished\":\"2017-10-26T11:58:58+00:00\",\"dateModified\":\"2018-01-08T12:10:24+00:00\",\"author\":{\"@id\":\"https:\/\/tw.cm.upt.ro\/b28\/#\/schema\/person\/8167b6fc490fc5d22c0fd399b1c9c985\"},\"breadcrumb\":{\"@id\":\"https:\/\/tw.cm.upt.ro\/b28\/2017\/10\/26\/anina-o-iubire-cat-o-viata\/#breadcrumb\"},\"inLanguage\":\"en-US\",\"potentialAction\":[{\"@type\":\"ReadAction\",\"target\":[\"https:\/\/tw.cm.upt.ro\/b28\/2017\/10\/26\/anina-o-iubire-cat-o-viata\/\"]}]},{\"@type\":\"ImageObject\",\"inLanguage\":\"en-US\",\"@id\":\"https:\/\/tw.cm.upt.ro\/b28\/2017\/10\/26\/anina-o-iubire-cat-o-viata\/#primaryimage\",\"url\":\"https:\/\/tw.cm.upt.ro\/b28\/wp-content\/uploads\/sites\/70\/2017\/10\/200620116227-Anina.jpg\",\"contentUrl\":\"https:\/\/tw.cm.upt.ro\/b28\/wp-content\/uploads\/sites\/70\/2017\/10\/200620116227-Anina.jpg\",\"width\":1600,\"height\":1200},{\"@type\":\"BreadcrumbList\",\"@id\":\"https:\/\/tw.cm.upt.ro\/b28\/2017\/10\/26\/anina-o-iubire-cat-o-viata\/#breadcrumb\",\"itemListElement\":[{\"@type\":\"ListItem\",\"position\":1,\"name\":\"Home\",\"item\":\"https:\/\/tw.cm.upt.ro\/b28\/\"},{\"@type\":\"ListItem\",\"position\":2,\"name\":\"Anina, o iubire c\u00e2t o via\u021b\u0103\"}]},{\"@type\":\"WebSite\",\"@id\":\"https:\/\/tw.cm.upt.ro\/b28\/#website\",\"url\":\"https:\/\/tw.cm.upt.ro\/b28\/\",\"name\":\"Corina Popovici\",\"description\":\" - Blog -\",\"potentialAction\":[{\"@type\":\"SearchAction\",\"target\":{\"@type\":\"EntryPoint\",\"urlTemplate\":\"https:\/\/tw.cm.upt.ro\/b28\/?s={search_term_string}\"},\"query-input\":{\"@type\":\"PropertyValueSpecification\",\"valueRequired\":true,\"valueName\":\"search_term_string\"}}],\"inLanguage\":\"en-US\"},{\"@type\":\"Person\",\"@id\":\"https:\/\/tw.cm.upt.ro\/b28\/#\/schema\/person\/8167b6fc490fc5d22c0fd399b1c9c985\",\"name\":\"b28\",\"image\":{\"@type\":\"ImageObject\",\"inLanguage\":\"en-US\",\"@id\":\"https:\/\/tw.cm.upt.ro\/b28\/#\/schema\/person\/image\/\",\"url\":\"https:\/\/secure.gravatar.com\/avatar\/c42a8781ebd0c90a643cbb7e45d39fd45b7451f7b215b87634ccf230742c239e?s=96&d=mm&r=g\",\"contentUrl\":\"https:\/\/secure.gravatar.com\/avatar\/c42a8781ebd0c90a643cbb7e45d39fd45b7451f7b215b87634ccf230742c239e?s=96&d=mm&r=g\",\"caption\":\"b28\"},\"url\":\"https:\/\/tw.cm.upt.ro\/b28\/author\/b28\/\"}]}<\/script>\n<!-- \/ Yoast SEO plugin. -->","yoast_head_json":{"title":"Anina, o iubire c\u00e2t o via\u021b\u0103 - Corina Popovici","robots":{"index":"index","follow":"follow","max-snippet":"max-snippet:-1","max-image-preview":"max-image-preview:large","max-video-preview":"max-video-preview:-1"},"canonical":"https:\/\/tw.cm.upt.ro\/b28\/2017\/10\/26\/anina-o-iubire-cat-o-viata\/","og_locale":"en_US","og_type":"article","og_title":"Anina, o iubire c\u00e2t o via\u021b\u0103 - Corina Popovici","og_description":"Unii spun c\u0103 acas\u0103 este acolo unde \u00ee\u0163i este inima, al\u0163ii spun c\u0103 acas\u0103 este acolo unde e mama ta. \u00cen ceea ce m\u0103 prive\u015fte sunt de acord cu ambele afirma\u0163ii. Pentru mine acas\u0103 este Anina, acolo unde \u00eemi sunt inima \u015fi g\u00e2ndul, acolo unde sunt p\u0103rin\u0163ii mei. Pentru a realiza o descriere obiectiv\u0103 a ora\u015fului Anina pot spune c\u0103 este un ora\u015f situat \u00een sud-vestul Rom\u00e2niei, \u00een partea central\u0103 a jude\u0163ului Cara\u015f-Severin, \u00een inima mun\u0163ilor Aninei ce reprezint\u0103 extensia sudic\u0103 a Carpa\u0163ilor Occidentali. Suprafa\u0163a total\u0103 a localit\u0103\u0163ii este de 14 696 ha cu o popula\u0163ie de aproximativ 7 000 [&hellip;]","og_url":"https:\/\/tw.cm.upt.ro\/b28\/2017\/10\/26\/anina-o-iubire-cat-o-viata\/","og_site_name":"Corina Popovici","article_published_time":"2017-10-26T11:58:58+00:00","article_modified_time":"2018-01-08T12:10:24+00:00","og_image":[{"width":1600,"height":1200,"url":"https:\/\/tw.cm.upt.ro\/b28\/wp-content\/uploads\/sites\/70\/2017\/10\/200620116227-Anina.jpg","type":"image\/jpeg"}],"author":"b28","twitter_card":"summary_large_image","twitter_misc":{"Written by":"b28","Est. reading time":"2 minutes"},"schema":{"@context":"https:\/\/schema.org","@graph":[{"@type":"Article","@id":"https:\/\/tw.cm.upt.ro\/b28\/2017\/10\/26\/anina-o-iubire-cat-o-viata\/#article","isPartOf":{"@id":"https:\/\/tw.cm.upt.ro\/b28\/2017\/10\/26\/anina-o-iubire-cat-o-viata\/"},"author":{"name":"b28","@id":"https:\/\/tw.cm.upt.ro\/b28\/#\/schema\/person\/8167b6fc490fc5d22c0fd399b1c9c985"},"headline":"Anina, o iubire c\u00e2t o via\u021b\u0103","datePublished":"2017-10-26T11:58:58+00:00","dateModified":"2018-01-08T12:10:24+00:00","mainEntityOfPage":{"@id":"https:\/\/tw.cm.upt.ro\/b28\/2017\/10\/26\/anina-o-iubire-cat-o-viata\/"},"wordCount":336,"commentCount":17,"image":{"@id":"https:\/\/tw.cm.upt.ro\/b28\/2017\/10\/26\/anina-o-iubire-cat-o-viata\/#primaryimage"},"thumbnailUrl":"https:\/\/tw.cm.upt.ro\/b28\/wp-content\/uploads\/sites\/70\/2017\/10\/200620116227-Anina.jpg","keywords":["Acasa","Anina","Centru carbonifer","Ora\u0219ul natal"],"articleSection":["Ora\u0219ul natal"],"inLanguage":"en-US","potentialAction":[{"@type":"CommentAction","name":"Comment","target":["https:\/\/tw.cm.upt.ro\/b28\/2017\/10\/26\/anina-o-iubire-cat-o-viata\/#respond"]}]},{"@type":"WebPage","@id":"https:\/\/tw.cm.upt.ro\/b28\/2017\/10\/26\/anina-o-iubire-cat-o-viata\/","url":"https:\/\/tw.cm.upt.ro\/b28\/2017\/10\/26\/anina-o-iubire-cat-o-viata\/","name":"Anina, o iubire c\u00e2t o via\u021b\u0103 - Corina Popovici","isPartOf":{"@id":"https:\/\/tw.cm.upt.ro\/b28\/#website"},"primaryImageOfPage":{"@id":"https:\/\/tw.cm.upt.ro\/b28\/2017\/10\/26\/anina-o-iubire-cat-o-viata\/#primaryimage"},"image":{"@id":"https:\/\/tw.cm.upt.ro\/b28\/2017\/10\/26\/anina-o-iubire-cat-o-viata\/#primaryimage"},"thumbnailUrl":"https:\/\/tw.cm.upt.ro\/b28\/wp-content\/uploads\/sites\/70\/2017\/10\/200620116227-Anina.jpg","datePublished":"2017-10-26T11:58:58+00:00","dateModified":"2018-01-08T12:10:24+00:00","author":{"@id":"https:\/\/tw.cm.upt.ro\/b28\/#\/schema\/person\/8167b6fc490fc5d22c0fd399b1c9c985"},"breadcrumb":{"@id":"https:\/\/tw.cm.upt.ro\/b28\/2017\/10\/26\/anina-o-iubire-cat-o-viata\/#breadcrumb"},"inLanguage":"en-US","potentialAction":[{"@type":"ReadAction","target":["https:\/\/tw.cm.upt.ro\/b28\/2017\/10\/26\/anina-o-iubire-cat-o-viata\/"]}]},{"@type":"ImageObject","inLanguage":"en-US","@id":"https:\/\/tw.cm.upt.ro\/b28\/2017\/10\/26\/anina-o-iubire-cat-o-viata\/#primaryimage","url":"https:\/\/tw.cm.upt.ro\/b28\/wp-content\/uploads\/sites\/70\/2017\/10\/200620116227-Anina.jpg","contentUrl":"https:\/\/tw.cm.upt.ro\/b28\/wp-content\/uploads\/sites\/70\/2017\/10\/200620116227-Anina.jpg","width":1600,"height":1200},{"@type":"BreadcrumbList","@id":"https:\/\/tw.cm.upt.ro\/b28\/2017\/10\/26\/anina-o-iubire-cat-o-viata\/#breadcrumb","itemListElement":[{"@type":"ListItem","position":1,"name":"Home","item":"https:\/\/tw.cm.upt.ro\/b28\/"},{"@type":"ListItem","position":2,"name":"Anina, o iubire c\u00e2t o via\u021b\u0103"}]},{"@type":"WebSite","@id":"https:\/\/tw.cm.upt.ro\/b28\/#website","url":"https:\/\/tw.cm.upt.ro\/b28\/","name":"Corina Popovici","description":" - Blog -","potentialAction":[{"@type":"SearchAction","target":{"@type":"EntryPoint","urlTemplate":"https:\/\/tw.cm.upt.ro\/b28\/?s={search_term_string}"},"query-input":{"@type":"PropertyValueSpecification","valueRequired":true,"valueName":"search_term_string"}}],"inLanguage":"en-US"},{"@type":"Person","@id":"https:\/\/tw.cm.upt.ro\/b28\/#\/schema\/person\/8167b6fc490fc5d22c0fd399b1c9c985","name":"b28","image":{"@type":"ImageObject","inLanguage":"en-US","@id":"https:\/\/tw.cm.upt.ro\/b28\/#\/schema\/person\/image\/","url":"https:\/\/secure.gravatar.com\/avatar\/c42a8781ebd0c90a643cbb7e45d39fd45b7451f7b215b87634ccf230742c239e?s=96&d=mm&r=g","contentUrl":"https:\/\/secure.gravatar.com\/avatar\/c42a8781ebd0c90a643cbb7e45d39fd45b7451f7b215b87634ccf230742c239e?s=96&d=mm&r=g","caption":"b28"},"url":"https:\/\/tw.cm.upt.ro\/b28\/author\/b28\/"}]}},"jetpack_featured_media_url":"https:\/\/tw.cm.upt.ro\/b28\/wp-content\/uploads\/sites\/70\/2017\/10\/200620116227-Anina.jpg","_links":{"self":[{"href":"https:\/\/tw.cm.upt.ro\/b28\/wp-json\/wp\/v2\/posts\/14","targetHints":{"allow":["GET"]}}],"collection":[{"href":"https:\/\/tw.cm.upt.ro\/b28\/wp-json\/wp\/v2\/posts"}],"about":[{"href":"https:\/\/tw.cm.upt.ro\/b28\/wp-json\/wp\/v2\/types\/post"}],"author":[{"embeddable":true,"href":"https:\/\/tw.cm.upt.ro\/b28\/wp-json\/wp\/v2\/users\/67"}],"replies":[{"embeddable":true,"href":"https:\/\/tw.cm.upt.ro\/b28\/wp-json\/wp\/v2\/comments?post=14"}],"version-history":[{"count":9,"href":"https:\/\/tw.cm.upt.ro\/b28\/wp-json\/wp\/v2\/posts\/14\/revisions"}],"predecessor-version":[{"id":291,"href":"https:\/\/tw.cm.upt.ro\/b28\/wp-json\/wp\/v2\/posts\/14\/revisions\/291"}],"wp:featuredmedia":[{"embeddable":true,"href":"https:\/\/tw.cm.upt.ro\/b28\/wp-json\/wp\/v2\/media\/206"}],"wp:attachment":[{"href":"https:\/\/tw.cm.upt.ro\/b28\/wp-json\/wp\/v2\/media?parent=14"}],"wp:term":[{"taxonomy":"category","embeddable":true,"href":"https:\/\/tw.cm.upt.ro\/b28\/wp-json\/wp\/v2\/categories?post=14"},{"taxonomy":"post_tag","embeddable":true,"href":"https:\/\/tw.cm.upt.ro\/b28\/wp-json\/wp\/v2\/tags?post=14"}],"curies":[{"name":"wp","href":"https:\/\/api.w.org\/{rel}","templated":true}]}}