{"id":356,"date":"2018-01-09T20:10:00","date_gmt":"2018-01-09T20:10:00","guid":{"rendered":"http:\/\/tw.cm.upt.ro\/b28\/?p=356"},"modified":"2018-01-11T13:19:05","modified_gmt":"2018-01-11T13:19:05","slug":"despre-viata-si-oamenii-pe-care-ii-intalnim","status":"publish","type":"post","link":"https:\/\/tw.cm.upt.ro\/b28\/2018\/01\/09\/despre-viata-si-oamenii-pe-care-ii-intalnim\/","title":{"rendered":"Despre via\u021b\u0103 \u0219i oamenii pe care \u00eei \u00eent\u00e2lnim"},"content":{"rendered":"<div id=\"fb-root\"><\/div>\n<p>\u00cen una dintre post\u0103rile mele anterioare am prezentat c\u00e2teva citate ce fac referire la cas\u0103 \u0219i la locurile natale. \u00cen acest articol mi-am propus s\u0103 adun citate din diferite opere literare, dar \u0219i din c\u00e2teva seriale. Mie personal \u00eemi plac foarte mult \u0219i sper s\u0103 fie \u0219i pe placul vostru.<\/p>\n<p>&nbsp;<\/p>\n<ul>\n<li>&#8220;Venim singuri pe lume \u0219i o p\u0103r\u0103sim singuri. Dar pentru tot ce se \u00eent\u00e2mpl\u0103 \u00een restul timpului ne dator\u0103m nou\u0103 \u00een\u0219ine s\u0103 ne g\u0103sim companie. Avem nevoie de ajutor, avem nevoie de sprijin. Altfel, suntem singuri&#8230; str\u0103ini, f\u0103r\u0103 leg\u0103tur\u0103 cu ceilal\u021bi \u0219i uit\u0103m c\u00e2t de conecta\u021bi suntem de fapt. A\u0219a c\u0103 prefer\u0103m s\u0103 alegem dragostea, s\u0103 alegem via\u021ba \u0219i pentru un moment ne sim\u021bim mai pu\u021bin singuri.&#8221; &#8211; <em>Anatomia lui Grey (sezonul 5, episodul 10 &#8211; All by myself)<\/em><\/li>\n<\/ul>\n<p>&nbsp;<\/p>\n<ul>\n<li>&#8220;Pentru c\u0103 indiferent c\u00e2t de r\u0103u ne r\u0103ne\u0219te un lucru, uneori, renun\u021barea la el doare \u0219i mai tare. &#8211; <em>Anatomia lui Grey (sezonul 4, episodul 2 &#8211; Love\/Addiction)<\/em><\/li>\n<\/ul>\n<p>&nbsp;<\/p>\n<ul>\n<li>&#8220;&#8230;via\u021ba \u0219i moartea ne stau \u00een fa\u021b\u0103 tot timpul [&#8230;] suntem obliga\u021bi s\u0103 \u0219tim c\u0103 via\u021ba, fiecare clip\u0103, e doar timp luat cu \u00eemprumut \u0219i c\u0103 fiecare om de care ne permitem s\u0103 ne pese va \u00eensemna c\u00e2ndva de-a lungul vie\u021bii, \u00eenc\u0103 o pierdere a cuiva drag.&#8221; &#8211; <em>Anatomia lui Grey (sezonul 5, episodul 18 &#8211; Stand by me)<\/em><\/li>\n<\/ul>\n<p>&nbsp;<\/p>\n<ul>\n<li>\u00cen unele cazuri, tr\u0103darea este inevitabil\u0103. C\u00e2nd corpurile noastre ne tr\u0103deaz\u0103, chirurgia e adesea cheia c\u0103tre recuperare. C\u00e2nd ne tr\u0103d\u0103m unii pe al\u021bi&#8230; calea c\u0103tre recuperare e mai pu\u021bin clar\u0103. Facem tot ce e nevoie pentru a reconstrui \u00eencrederea care a fost pierdut\u0103. Sunt unele r\u0103ni, unele tr\u0103d\u0103ri, care sunt a\u0219a de ad\u00e2nci, a\u0219a de profunde c\u0103 nu se poate repara ceea ce a fost pierdut. \u0218i c\u00e2nd se \u00eent\u00e2mpl\u0103 asta&#8230; nu e nimic de f\u0103cut dec\u00e2t s\u0103 a\u0219tep\u021bi. &#8211; <em>Anatomia lui Grey (sezonul 3, episodul 9 &#8211; From whisper to a scream)<\/em><\/li>\n<\/ul>\n<p>&nbsp;<\/p>\n<ul>\n<li>&#8220;Via\u021ba este un pov\u00e2rni\u0219. C\u00e2t urci \u00eei prive\u0219ti v\u00e2rful \u0219i te sim\u021bi fericit, dar c\u00e2nd ajungi sus \u00een creast\u0103 z\u0103re\u0219ti dintr-o dat\u0103 scobor\u00e2\u0219ul \u0219i sf\u00e2r\u0219itul, care e moartea. \u0218i nicio fiin\u021b\u0103 nu se mai \u00eentoarce niciodat\u0103&#8230; Se vor na\u0219te milioane, miliarde de fiin\u021be care vor avea, \u00een c\u00e2\u021biva cm2, un nas, ochi, o frunte, obraji \u0219i o gur\u0103 ca mine \u0219i un suflet ca al meu, f\u0103r\u0103 ca eu s\u0103 mai renasc vreodat\u0103&#8230;&#8221; &#8211; <em>Bel ami de Guy de Maupassant<\/em><\/li>\n<\/ul>\n<p>&nbsp;<\/p>\n<ul>\n<li>&#8220;Am \u00eenv\u0103\u021bat c\u0103 nu merit\u0103 s\u0103 pl\u00e2ng dup\u0103 oamenii care nu m-au iubit \u0219i care m-au abandonat. C\u0103 aceia care m-au \u00eenso\u021bit o perioad\u0103 pe drumul meu, iar apoi au cotit brusc pe alte drumuri, nu au fost dec\u00e2t ni\u0219te umbre care doar m-au privat de soare&#8230; &#8221; &#8211; <em>Fluturi\u00a0de Irina Binder (volumul I, pag. 17)<\/em><\/li>\n<\/ul>\n<p>&nbsp;<\/p>\n<ul>\n<li>&#8220;Acelea erau comorile mele, momentele care m\u0103 f\u0103ceau fericit\u0103, care m\u0103 f\u0103ceau s\u0103 visez&#8230;&#8221; &#8211;\u00a0<em>Fluturi\u00a0de Irina Binder (volumul I, pag. 192)<\/em><\/li>\n<\/ul>\n<p>&nbsp;<\/p>\n<ul>\n<li>&#8220;Precum pohoiul surp\u0103, d\u0103r\u00e2m\u0103, ia, duce \u0219i n\u0103mole\u0219te, tot astfel \u0219i durerea mare cur\u0103\u021b\u0103 sufletul; precum dup\u0103 pohoi abia pe ici pe colo se mai z\u0103resc urmele celor foste, tot astfel \u0219i dup\u0103 durerea cov\u00e2r\u0219itoare, departe ni se ivesc \u0219i acoperite \u00een uitare cele sim\u021bite mai \u00eenainte, dar precum pe urma pohoiului de prim\u0103var\u0103 cre\u0219te iarb\u0103 verde, tot astfel \u0219i durerea mistuitoare las\u0103 \u00een sufletul t\u00e2n\u0103r o nou\u0103 sete de via\u021b\u0103. [&#8230;] de c\u00e2te ori se \u00eencerca s\u0103 re\u00eenceap\u0103 povestea curmat\u0103, \u00eei r\u0103sunau \u00een urechi vorbele: Pui de cuc \u00een cuib de cioar\u0103! Simino, fata mea!&#8221; &#8211; <em>P\u0103dureanca\u00a0de Ioan Slavici (part.XIV, pag. 90)<\/em><\/li>\n<\/ul>\n<p>&nbsp;<\/p>\n<ul>\n<li>&#8220;- Ar trebui s\u0103 se pun\u0103 un gr\u0103tar la intrarea \u00een orice suflet. Ca s\u0103 nu se bage nimeni \u00een el cu cu\u021bitul.&#8221; &#8211; <em>Iona de Marin Sorescu (pag. 10)<\/em><\/li>\n<\/ul>\n<p>&nbsp;<\/p>\n<ul>\n<li>&#8220;- Cum se numea dr\u0103cia aceea frumoas\u0103 \u0219i minunat\u0103 \u0219i nenorocit\u0103 \u0219i caraghioas\u0103, format\u0103 din ani, pe care am tr\u0103it-o eu?&#8221; &#8211;\u00a0<em>Iona\u00a0de Marin Sorescu (pag. 24)<\/em><\/li>\n<\/ul>\n<p>&nbsp;<\/p>\n<p>&nbsp;<\/p>\n<p>&nbsp;<\/p>\n<p>&nbsp;<\/p>\n<p>&nbsp;<\/p>\n<p>&nbsp;<\/p>\n","protected":false},"excerpt":{"rendered":"<p>\u00cen una dintre post\u0103rile mele anterioare am prezentat c\u00e2teva citate ce fac referire la cas\u0103 \u0219i la locurile natale. \u00cen acest articol mi-am propus s\u0103 adun citate din diferite opere literare, dar \u0219i din c\u00e2teva seriale. Mie personal \u00eemi plac foarte mult \u0219i sper s\u0103 fie \u0219i pe placul vostru. &nbsp; &#8220;Venim singuri pe lume \u0219i o p\u0103r\u0103sim singuri. Dar pentru tot ce se \u00eent\u00e2mpl\u0103 \u00een restul timpului ne dator\u0103m nou\u0103 \u00een\u0219ine s\u0103 ne g\u0103sim companie. Avem nevoie de ajutor, avem nevoie de sprijin. Altfel, suntem singuri&#8230; str\u0103ini, f\u0103r\u0103 leg\u0103tur\u0103 cu ceilal\u021bi \u0219i uit\u0103m c\u00e2t de conecta\u021bi suntem de fapt. [&hellip;]<\/p>\n","protected":false},"author":67,"featured_media":312,"comment_status":"open","ping_status":"open","sticky":false,"template":"","format":"standard","meta":{"wprm-recipe-roundup-name":"","wprm-recipe-roundup-description":"","sfsi_plus_gutenberg_text_before_share":"","sfsi_plus_gutenberg_show_text_before_share":"","sfsi_plus_gutenberg_icon_type":"","sfsi_plus_gutenberg_icon_alignemt":"","sfsi_plus_gutenburg_max_per_row":"","ngg_post_thumbnail":0,"footnotes":""},"categories":[3],"tags":[26,42,53,49],"class_list":["post-356","post","type-post","status-publish","format-standard","has-post-thumbnail","hentry","category-citate","tag-citate","tag-despre","tag-oameni","tag-viata"],"yoast_head":"<!-- This site is optimized with the Yoast SEO plugin v27.1.1 - https:\/\/yoast.com\/product\/yoast-seo-wordpress\/ -->\n<title>Despre via\u021b\u0103 \u0219i oamenii pe care \u00eei \u00eent\u00e2lnim - Corina Popovici<\/title>\n<meta name=\"robots\" content=\"index, follow, max-snippet:-1, max-image-preview:large, max-video-preview:-1\" \/>\n<link rel=\"canonical\" href=\"https:\/\/tw.cm.upt.ro\/b28\/2018\/01\/09\/despre-viata-si-oamenii-pe-care-ii-intalnim\/\" \/>\n<meta property=\"og:locale\" content=\"en_US\" \/>\n<meta property=\"og:type\" content=\"article\" \/>\n<meta property=\"og:title\" content=\"Despre via\u021b\u0103 \u0219i oamenii pe care \u00eei \u00eent\u00e2lnim - Corina Popovici\" \/>\n<meta property=\"og:description\" content=\"\u00cen una dintre post\u0103rile mele anterioare am prezentat c\u00e2teva citate ce fac referire la cas\u0103 \u0219i la locurile natale. \u00cen acest articol mi-am propus s\u0103 adun citate din diferite opere literare, dar \u0219i din c\u00e2teva seriale. Mie personal \u00eemi plac foarte mult \u0219i sper s\u0103 fie \u0219i pe placul vostru. &nbsp; &#8220;Venim singuri pe lume \u0219i o p\u0103r\u0103sim singuri. Dar pentru tot ce se \u00eent\u00e2mpl\u0103 \u00een restul timpului ne dator\u0103m nou\u0103 \u00een\u0219ine s\u0103 ne g\u0103sim companie. Avem nevoie de ajutor, avem nevoie de sprijin. Altfel, suntem singuri&#8230; str\u0103ini, f\u0103r\u0103 leg\u0103tur\u0103 cu ceilal\u021bi \u0219i uit\u0103m c\u00e2t de conecta\u021bi suntem de fapt. [&hellip;]\" \/>\n<meta property=\"og:url\" content=\"https:\/\/tw.cm.upt.ro\/b28\/2018\/01\/09\/despre-viata-si-oamenii-pe-care-ii-intalnim\/\" \/>\n<meta property=\"og:site_name\" content=\"Corina Popovici\" \/>\n<meta property=\"article:published_time\" content=\"2018-01-09T20:10:00+00:00\" \/>\n<meta property=\"article:modified_time\" content=\"2018-01-11T13:19:05+00:00\" \/>\n<meta property=\"og:image\" content=\"https:\/\/tw.cm.upt.ro\/b28\/wp-content\/uploads\/sites\/70\/2017\/11\/IMG_3888.jpg\" \/>\n\t<meta property=\"og:image:width\" content=\"3264\" \/>\n\t<meta property=\"og:image:height\" content=\"2448\" \/>\n\t<meta property=\"og:image:type\" content=\"image\/jpeg\" \/>\n<meta name=\"author\" content=\"b28\" \/>\n<meta name=\"twitter:card\" content=\"summary_large_image\" \/>\n<meta name=\"twitter:label1\" content=\"Written by\" \/>\n\t<meta name=\"twitter:data1\" content=\"b28\" \/>\n\t<meta name=\"twitter:label2\" content=\"Est. reading time\" \/>\n\t<meta name=\"twitter:data2\" content=\"4 minutes\" \/>\n<script type=\"application\/ld+json\" class=\"yoast-schema-graph\">{\"@context\":\"https:\/\/schema.org\",\"@graph\":[{\"@type\":\"Article\",\"@id\":\"https:\/\/tw.cm.upt.ro\/b28\/2018\/01\/09\/despre-viata-si-oamenii-pe-care-ii-intalnim\/#article\",\"isPartOf\":{\"@id\":\"https:\/\/tw.cm.upt.ro\/b28\/2018\/01\/09\/despre-viata-si-oamenii-pe-care-ii-intalnim\/\"},\"author\":{\"name\":\"b28\",\"@id\":\"https:\/\/tw.cm.upt.ro\/b28\/#\/schema\/person\/8167b6fc490fc5d22c0fd399b1c9c985\"},\"headline\":\"Despre via\u021b\u0103 \u0219i oamenii pe care \u00eei \u00eent\u00e2lnim\",\"datePublished\":\"2018-01-09T20:10:00+00:00\",\"dateModified\":\"2018-01-11T13:19:05+00:00\",\"mainEntityOfPage\":{\"@id\":\"https:\/\/tw.cm.upt.ro\/b28\/2018\/01\/09\/despre-viata-si-oamenii-pe-care-ii-intalnim\/\"},\"wordCount\":738,\"commentCount\":6,\"image\":{\"@id\":\"https:\/\/tw.cm.upt.ro\/b28\/2018\/01\/09\/despre-viata-si-oamenii-pe-care-ii-intalnim\/#primaryimage\"},\"thumbnailUrl\":\"https:\/\/tw.cm.upt.ro\/b28\/wp-content\/uploads\/sites\/70\/2017\/11\/IMG_3888.jpg\",\"keywords\":[\"citate\",\"despre\",\"oameni\",\"via\u021b\u0103\"],\"articleSection\":[\"Citate\"],\"inLanguage\":\"en-US\",\"potentialAction\":[{\"@type\":\"CommentAction\",\"name\":\"Comment\",\"target\":[\"https:\/\/tw.cm.upt.ro\/b28\/2018\/01\/09\/despre-viata-si-oamenii-pe-care-ii-intalnim\/#respond\"]}]},{\"@type\":\"WebPage\",\"@id\":\"https:\/\/tw.cm.upt.ro\/b28\/2018\/01\/09\/despre-viata-si-oamenii-pe-care-ii-intalnim\/\",\"url\":\"https:\/\/tw.cm.upt.ro\/b28\/2018\/01\/09\/despre-viata-si-oamenii-pe-care-ii-intalnim\/\",\"name\":\"Despre via\u021b\u0103 \u0219i oamenii pe care \u00eei \u00eent\u00e2lnim - Corina Popovici\",\"isPartOf\":{\"@id\":\"https:\/\/tw.cm.upt.ro\/b28\/#website\"},\"primaryImageOfPage\":{\"@id\":\"https:\/\/tw.cm.upt.ro\/b28\/2018\/01\/09\/despre-viata-si-oamenii-pe-care-ii-intalnim\/#primaryimage\"},\"image\":{\"@id\":\"https:\/\/tw.cm.upt.ro\/b28\/2018\/01\/09\/despre-viata-si-oamenii-pe-care-ii-intalnim\/#primaryimage\"},\"thumbnailUrl\":\"https:\/\/tw.cm.upt.ro\/b28\/wp-content\/uploads\/sites\/70\/2017\/11\/IMG_3888.jpg\",\"datePublished\":\"2018-01-09T20:10:00+00:00\",\"dateModified\":\"2018-01-11T13:19:05+00:00\",\"author\":{\"@id\":\"https:\/\/tw.cm.upt.ro\/b28\/#\/schema\/person\/8167b6fc490fc5d22c0fd399b1c9c985\"},\"breadcrumb\":{\"@id\":\"https:\/\/tw.cm.upt.ro\/b28\/2018\/01\/09\/despre-viata-si-oamenii-pe-care-ii-intalnim\/#breadcrumb\"},\"inLanguage\":\"en-US\",\"potentialAction\":[{\"@type\":\"ReadAction\",\"target\":[\"https:\/\/tw.cm.upt.ro\/b28\/2018\/01\/09\/despre-viata-si-oamenii-pe-care-ii-intalnim\/\"]}]},{\"@type\":\"ImageObject\",\"inLanguage\":\"en-US\",\"@id\":\"https:\/\/tw.cm.upt.ro\/b28\/2018\/01\/09\/despre-viata-si-oamenii-pe-care-ii-intalnim\/#primaryimage\",\"url\":\"https:\/\/tw.cm.upt.ro\/b28\/wp-content\/uploads\/sites\/70\/2017\/11\/IMG_3888.jpg\",\"contentUrl\":\"https:\/\/tw.cm.upt.ro\/b28\/wp-content\/uploads\/sites\/70\/2017\/11\/IMG_3888.jpg\",\"width\":3264,\"height\":2448},{\"@type\":\"BreadcrumbList\",\"@id\":\"https:\/\/tw.cm.upt.ro\/b28\/2018\/01\/09\/despre-viata-si-oamenii-pe-care-ii-intalnim\/#breadcrumb\",\"itemListElement\":[{\"@type\":\"ListItem\",\"position\":1,\"name\":\"Home\",\"item\":\"https:\/\/tw.cm.upt.ro\/b28\/\"},{\"@type\":\"ListItem\",\"position\":2,\"name\":\"Despre via\u021b\u0103 \u0219i oamenii pe care \u00eei \u00eent\u00e2lnim\"}]},{\"@type\":\"WebSite\",\"@id\":\"https:\/\/tw.cm.upt.ro\/b28\/#website\",\"url\":\"https:\/\/tw.cm.upt.ro\/b28\/\",\"name\":\"Corina Popovici\",\"description\":\" - Blog -\",\"potentialAction\":[{\"@type\":\"SearchAction\",\"target\":{\"@type\":\"EntryPoint\",\"urlTemplate\":\"https:\/\/tw.cm.upt.ro\/b28\/?s={search_term_string}\"},\"query-input\":{\"@type\":\"PropertyValueSpecification\",\"valueRequired\":true,\"valueName\":\"search_term_string\"}}],\"inLanguage\":\"en-US\"},{\"@type\":\"Person\",\"@id\":\"https:\/\/tw.cm.upt.ro\/b28\/#\/schema\/person\/8167b6fc490fc5d22c0fd399b1c9c985\",\"name\":\"b28\",\"image\":{\"@type\":\"ImageObject\",\"inLanguage\":\"en-US\",\"@id\":\"https:\/\/tw.cm.upt.ro\/b28\/#\/schema\/person\/image\/\",\"url\":\"https:\/\/secure.gravatar.com\/avatar\/c42a8781ebd0c90a643cbb7e45d39fd45b7451f7b215b87634ccf230742c239e?s=96&d=mm&r=g\",\"contentUrl\":\"https:\/\/secure.gravatar.com\/avatar\/c42a8781ebd0c90a643cbb7e45d39fd45b7451f7b215b87634ccf230742c239e?s=96&d=mm&r=g\",\"caption\":\"b28\"},\"url\":\"https:\/\/tw.cm.upt.ro\/b28\/author\/b28\/\"}]}<\/script>\n<!-- \/ Yoast SEO plugin. -->","yoast_head_json":{"title":"Despre via\u021b\u0103 \u0219i oamenii pe care \u00eei \u00eent\u00e2lnim - Corina Popovici","robots":{"index":"index","follow":"follow","max-snippet":"max-snippet:-1","max-image-preview":"max-image-preview:large","max-video-preview":"max-video-preview:-1"},"canonical":"https:\/\/tw.cm.upt.ro\/b28\/2018\/01\/09\/despre-viata-si-oamenii-pe-care-ii-intalnim\/","og_locale":"en_US","og_type":"article","og_title":"Despre via\u021b\u0103 \u0219i oamenii pe care \u00eei \u00eent\u00e2lnim - Corina Popovici","og_description":"\u00cen una dintre post\u0103rile mele anterioare am prezentat c\u00e2teva citate ce fac referire la cas\u0103 \u0219i la locurile natale. \u00cen acest articol mi-am propus s\u0103 adun citate din diferite opere literare, dar \u0219i din c\u00e2teva seriale. Mie personal \u00eemi plac foarte mult \u0219i sper s\u0103 fie \u0219i pe placul vostru. &nbsp; &#8220;Venim singuri pe lume \u0219i o p\u0103r\u0103sim singuri. Dar pentru tot ce se \u00eent\u00e2mpl\u0103 \u00een restul timpului ne dator\u0103m nou\u0103 \u00een\u0219ine s\u0103 ne g\u0103sim companie. Avem nevoie de ajutor, avem nevoie de sprijin. Altfel, suntem singuri&#8230; str\u0103ini, f\u0103r\u0103 leg\u0103tur\u0103 cu ceilal\u021bi \u0219i uit\u0103m c\u00e2t de conecta\u021bi suntem de fapt. [&hellip;]","og_url":"https:\/\/tw.cm.upt.ro\/b28\/2018\/01\/09\/despre-viata-si-oamenii-pe-care-ii-intalnim\/","og_site_name":"Corina Popovici","article_published_time":"2018-01-09T20:10:00+00:00","article_modified_time":"2018-01-11T13:19:05+00:00","og_image":[{"width":3264,"height":2448,"url":"https:\/\/tw.cm.upt.ro\/b28\/wp-content\/uploads\/sites\/70\/2017\/11\/IMG_3888.jpg","type":"image\/jpeg"}],"author":"b28","twitter_card":"summary_large_image","twitter_misc":{"Written by":"b28","Est. reading time":"4 minutes"},"schema":{"@context":"https:\/\/schema.org","@graph":[{"@type":"Article","@id":"https:\/\/tw.cm.upt.ro\/b28\/2018\/01\/09\/despre-viata-si-oamenii-pe-care-ii-intalnim\/#article","isPartOf":{"@id":"https:\/\/tw.cm.upt.ro\/b28\/2018\/01\/09\/despre-viata-si-oamenii-pe-care-ii-intalnim\/"},"author":{"name":"b28","@id":"https:\/\/tw.cm.upt.ro\/b28\/#\/schema\/person\/8167b6fc490fc5d22c0fd399b1c9c985"},"headline":"Despre via\u021b\u0103 \u0219i oamenii pe care \u00eei \u00eent\u00e2lnim","datePublished":"2018-01-09T20:10:00+00:00","dateModified":"2018-01-11T13:19:05+00:00","mainEntityOfPage":{"@id":"https:\/\/tw.cm.upt.ro\/b28\/2018\/01\/09\/despre-viata-si-oamenii-pe-care-ii-intalnim\/"},"wordCount":738,"commentCount":6,"image":{"@id":"https:\/\/tw.cm.upt.ro\/b28\/2018\/01\/09\/despre-viata-si-oamenii-pe-care-ii-intalnim\/#primaryimage"},"thumbnailUrl":"https:\/\/tw.cm.upt.ro\/b28\/wp-content\/uploads\/sites\/70\/2017\/11\/IMG_3888.jpg","keywords":["citate","despre","oameni","via\u021b\u0103"],"articleSection":["Citate"],"inLanguage":"en-US","potentialAction":[{"@type":"CommentAction","name":"Comment","target":["https:\/\/tw.cm.upt.ro\/b28\/2018\/01\/09\/despre-viata-si-oamenii-pe-care-ii-intalnim\/#respond"]}]},{"@type":"WebPage","@id":"https:\/\/tw.cm.upt.ro\/b28\/2018\/01\/09\/despre-viata-si-oamenii-pe-care-ii-intalnim\/","url":"https:\/\/tw.cm.upt.ro\/b28\/2018\/01\/09\/despre-viata-si-oamenii-pe-care-ii-intalnim\/","name":"Despre via\u021b\u0103 \u0219i oamenii pe care \u00eei \u00eent\u00e2lnim - Corina Popovici","isPartOf":{"@id":"https:\/\/tw.cm.upt.ro\/b28\/#website"},"primaryImageOfPage":{"@id":"https:\/\/tw.cm.upt.ro\/b28\/2018\/01\/09\/despre-viata-si-oamenii-pe-care-ii-intalnim\/#primaryimage"},"image":{"@id":"https:\/\/tw.cm.upt.ro\/b28\/2018\/01\/09\/despre-viata-si-oamenii-pe-care-ii-intalnim\/#primaryimage"},"thumbnailUrl":"https:\/\/tw.cm.upt.ro\/b28\/wp-content\/uploads\/sites\/70\/2017\/11\/IMG_3888.jpg","datePublished":"2018-01-09T20:10:00+00:00","dateModified":"2018-01-11T13:19:05+00:00","author":{"@id":"https:\/\/tw.cm.upt.ro\/b28\/#\/schema\/person\/8167b6fc490fc5d22c0fd399b1c9c985"},"breadcrumb":{"@id":"https:\/\/tw.cm.upt.ro\/b28\/2018\/01\/09\/despre-viata-si-oamenii-pe-care-ii-intalnim\/#breadcrumb"},"inLanguage":"en-US","potentialAction":[{"@type":"ReadAction","target":["https:\/\/tw.cm.upt.ro\/b28\/2018\/01\/09\/despre-viata-si-oamenii-pe-care-ii-intalnim\/"]}]},{"@type":"ImageObject","inLanguage":"en-US","@id":"https:\/\/tw.cm.upt.ro\/b28\/2018\/01\/09\/despre-viata-si-oamenii-pe-care-ii-intalnim\/#primaryimage","url":"https:\/\/tw.cm.upt.ro\/b28\/wp-content\/uploads\/sites\/70\/2017\/11\/IMG_3888.jpg","contentUrl":"https:\/\/tw.cm.upt.ro\/b28\/wp-content\/uploads\/sites\/70\/2017\/11\/IMG_3888.jpg","width":3264,"height":2448},{"@type":"BreadcrumbList","@id":"https:\/\/tw.cm.upt.ro\/b28\/2018\/01\/09\/despre-viata-si-oamenii-pe-care-ii-intalnim\/#breadcrumb","itemListElement":[{"@type":"ListItem","position":1,"name":"Home","item":"https:\/\/tw.cm.upt.ro\/b28\/"},{"@type":"ListItem","position":2,"name":"Despre via\u021b\u0103 \u0219i oamenii pe care \u00eei \u00eent\u00e2lnim"}]},{"@type":"WebSite","@id":"https:\/\/tw.cm.upt.ro\/b28\/#website","url":"https:\/\/tw.cm.upt.ro\/b28\/","name":"Corina Popovici","description":" - Blog -","potentialAction":[{"@type":"SearchAction","target":{"@type":"EntryPoint","urlTemplate":"https:\/\/tw.cm.upt.ro\/b28\/?s={search_term_string}"},"query-input":{"@type":"PropertyValueSpecification","valueRequired":true,"valueName":"search_term_string"}}],"inLanguage":"en-US"},{"@type":"Person","@id":"https:\/\/tw.cm.upt.ro\/b28\/#\/schema\/person\/8167b6fc490fc5d22c0fd399b1c9c985","name":"b28","image":{"@type":"ImageObject","inLanguage":"en-US","@id":"https:\/\/tw.cm.upt.ro\/b28\/#\/schema\/person\/image\/","url":"https:\/\/secure.gravatar.com\/avatar\/c42a8781ebd0c90a643cbb7e45d39fd45b7451f7b215b87634ccf230742c239e?s=96&d=mm&r=g","contentUrl":"https:\/\/secure.gravatar.com\/avatar\/c42a8781ebd0c90a643cbb7e45d39fd45b7451f7b215b87634ccf230742c239e?s=96&d=mm&r=g","caption":"b28"},"url":"https:\/\/tw.cm.upt.ro\/b28\/author\/b28\/"}]}},"jetpack_featured_media_url":"https:\/\/tw.cm.upt.ro\/b28\/wp-content\/uploads\/sites\/70\/2017\/11\/IMG_3888.jpg","_links":{"self":[{"href":"https:\/\/tw.cm.upt.ro\/b28\/wp-json\/wp\/v2\/posts\/356","targetHints":{"allow":["GET"]}}],"collection":[{"href":"https:\/\/tw.cm.upt.ro\/b28\/wp-json\/wp\/v2\/posts"}],"about":[{"href":"https:\/\/tw.cm.upt.ro\/b28\/wp-json\/wp\/v2\/types\/post"}],"author":[{"embeddable":true,"href":"https:\/\/tw.cm.upt.ro\/b28\/wp-json\/wp\/v2\/users\/67"}],"replies":[{"embeddable":true,"href":"https:\/\/tw.cm.upt.ro\/b28\/wp-json\/wp\/v2\/comments?post=356"}],"version-history":[{"count":24,"href":"https:\/\/tw.cm.upt.ro\/b28\/wp-json\/wp\/v2\/posts\/356\/revisions"}],"predecessor-version":[{"id":370,"href":"https:\/\/tw.cm.upt.ro\/b28\/wp-json\/wp\/v2\/posts\/356\/revisions\/370"}],"wp:featuredmedia":[{"embeddable":true,"href":"https:\/\/tw.cm.upt.ro\/b28\/wp-json\/wp\/v2\/media\/312"}],"wp:attachment":[{"href":"https:\/\/tw.cm.upt.ro\/b28\/wp-json\/wp\/v2\/media?parent=356"}],"wp:term":[{"taxonomy":"category","embeddable":true,"href":"https:\/\/tw.cm.upt.ro\/b28\/wp-json\/wp\/v2\/categories?post=356"},{"taxonomy":"post_tag","embeddable":true,"href":"https:\/\/tw.cm.upt.ro\/b28\/wp-json\/wp\/v2\/tags?post=356"}],"curies":[{"name":"wp","href":"https:\/\/api.w.org\/{rel}","templated":true}]}}