{"id":5,"date":"2018-10-31T19:51:22","date_gmt":"2018-10-31T19:51:22","guid":{"rendered":"http:\/\/tw.cm.upt.ro\/c37\/?p=5"},"modified":"2018-12-18T19:35:20","modified_gmt":"2018-12-18T19:35:20","slug":"atunci-cand-visele-devin-realitate","status":"publish","type":"post","link":"https:\/\/tw.cm.upt.ro\/c37\/2018\/10\/31\/atunci-cand-visele-devin-realitate\/","title":{"rendered":"Atunci c\u00e2nd visele devin realitate&#8230;"},"content":{"rendered":"<div id=\"fb-root\"><\/div>\n<h1 style=\"text-align: center\">&#8220;Traveling- it leaves you speechless, then turns you into a storyteller.&#8221; (Ibn Battuta)<\/h1>\n<p style=\"text-align: left\">Exact acest lucru s-a \u00eent\u00e2mplat \u00een ceea ce m\u0103 prive\u0219te pe mine&#8230;<\/p>\n<p>&nbsp;<\/p>\n<p><img fetchpriority=\"high\" decoding=\"async\" class=\"wp-image-6 size-full aligncenter\" src=\"http:\/\/tw.cm.upt.ro\/c37\/wp-content\/uploads\/sites\/124\/2018\/10\/45110928_2113699802002986_1975166953039331328_n.jpg\" alt=\"\" width=\"720\" height=\"960\" srcset=\"https:\/\/tw.cm.upt.ro\/c37\/wp-content\/uploads\/sites\/124\/2018\/10\/45110928_2113699802002986_1975166953039331328_n.jpg 720w, https:\/\/tw.cm.upt.ro\/c37\/wp-content\/uploads\/sites\/124\/2018\/10\/45110928_2113699802002986_1975166953039331328_n-225x300.jpg 225w\" sizes=\"(max-width: 720px) 100vw, 720px\" \/><\/p>\n<p style=\"text-align: center\">De mul\u021bi ani mi-am dorit s\u0103 ajung \u00een faimoasa capital\u0103 a Cehiei, Praga, si ghici\u021bi ce?- visul meu a devenit realitate. Sunt o mare iubitoare de c\u0103l\u0103torii, de experien\u021be noi, practic, \u00eemi place s\u0103 explorez locuri necunoscute.<\/p>\n<p style=\"text-align: center\">\u00cen data de 18 octombrie 2018, \u00eempreun\u0103 cu prietenul meu, ne-am aventurat \u00een aceast\u0103 frumoas\u0103 c\u0103l\u0103torie. Un drum destul de lung, dar merit\u0103 din plin! Din p\u0103cate, am fost limita\u021bi de timpul scurt petrecut \u00een <a href=\"https:\/\/ro.wikipedia.org\/wiki\/Praga\">Praga<\/a>, \u0219i anume, trei zile, \u00eens\u0103 acest lucru ne-a ajutat s\u0103 ne \u0219i organiz\u0103m mai bine. Sunt una dintre acele persoane care nu pleac\u0103 undeva, f\u0103r\u0103 s\u0103 se documenteze despre ora\u0219ul pe care dore\u0219te s\u0103 \u00eel viziteze. A\u0219adar, am \u00eencercat s\u0103 stabilesc un program referitor la &#8220;things to do in Prague&#8221; \u00eenc\u0103 de acas\u0103. \u00cen prima seara ne-am plimbat prin Ora\u0219ul Vechi, un loc de poveste, av\u00e2nd \u00een vedere arhitectura gotic\u0103. Aici pute\u021bi admira Ceasul Astronomic, Pia\u021ba Ora\u0219ului Vechi, Biserica Tyn \u0219i Biserica Sf. Nicoale.<\/p>\n<p><img decoding=\"async\" class=\"wp-image-7 size-full aligncenter\" src=\"http:\/\/tw.cm.upt.ro\/c37\/wp-content\/uploads\/sites\/124\/2018\/10\/45065316_312136992942027_63066483730677760_n.jpg\" alt=\"\" width=\"720\" height=\"960\" srcset=\"https:\/\/tw.cm.upt.ro\/c37\/wp-content\/uploads\/sites\/124\/2018\/10\/45065316_312136992942027_63066483730677760_n.jpg 720w, https:\/\/tw.cm.upt.ro\/c37\/wp-content\/uploads\/sites\/124\/2018\/10\/45065316_312136992942027_63066483730677760_n-225x300.jpg 225w\" sizes=\"(max-width: 720px) 100vw, 720px\" \/><\/p>\n<p style=\"text-align: center\">\u00cen a doua zi, am vizitat un loc emblematic, Castelul din Praga, construit \u00een anul 970 e.n .<\/p>\n<p><img decoding=\"async\" class=\"wp-image-13 size-full aligncenter\" src=\"http:\/\/tw.cm.upt.ro\/c37\/wp-content\/uploads\/sites\/124\/2018\/10\/45148339_501234537057859_6314863352719867904_n.jpg\" alt=\"\" width=\"960\" height=\"540\" srcset=\"https:\/\/tw.cm.upt.ro\/c37\/wp-content\/uploads\/sites\/124\/2018\/10\/45148339_501234537057859_6314863352719867904_n.jpg 960w, https:\/\/tw.cm.upt.ro\/c37\/wp-content\/uploads\/sites\/124\/2018\/10\/45148339_501234537057859_6314863352719867904_n-300x169.jpg 300w, https:\/\/tw.cm.upt.ro\/c37\/wp-content\/uploads\/sites\/124\/2018\/10\/45148339_501234537057859_6314863352719867904_n-768x432.jpg 768w\" sizes=\"(max-width: 960px) 100vw, 960px\" \/><\/p>\n<p style=\"text-align: center\">Catedrala St. Vitus se afl\u0103 \u00een interiorul zidului Castelului, este pur \u0219i simplu impresionant\u0103, datorit\u0103 mixului de stiluri arhitecturale (gotic, neo-gotic \u00eembinate cu influen\u021be renascentiste \u0219i baroce).<\/p>\n<p><img loading=\"lazy\" decoding=\"async\" class=\"aligncenter wp-image-8 size-full\" src=\"http:\/\/tw.cm.upt.ro\/c37\/wp-content\/uploads\/sites\/124\/2018\/10\/45259201_548831528895403_7315425926202785792_n.jpg\" alt=\"\" width=\"539\" height=\"960\" srcset=\"https:\/\/tw.cm.upt.ro\/c37\/wp-content\/uploads\/sites\/124\/2018\/10\/45259201_548831528895403_7315425926202785792_n.jpg 539w, https:\/\/tw.cm.upt.ro\/c37\/wp-content\/uploads\/sites\/124\/2018\/10\/45259201_548831528895403_7315425926202785792_n-168x300.jpg 168w\" sizes=\"(max-width: 539px) 100vw, 539px\" \/><\/p>\n<p>&nbsp;<\/p>\n<div style=\"width: 960px;\" class=\"wp-video\"><video class=\"wp-video-shortcode\" id=\"video-5-1\" width=\"960\" height=\"540\" preload=\"metadata\" controls=\"controls\"><source type=\"video\/mp4\" src=\"http:\/\/tw.cm.upt.ro\/c37\/wp-content\/uploads\/sites\/124\/2018\/10\/praga-1.mp4?_=1\" \/><a href=\"http:\/\/tw.cm.upt.ro\/c37\/wp-content\/uploads\/sites\/124\/2018\/10\/praga-1.mp4\">http:\/\/tw.cm.upt.ro\/c37\/wp-content\/uploads\/sites\/124\/2018\/10\/praga-1.mp4<\/a><\/video><\/div>\n<p>&nbsp;<\/p>\n<p>&nbsp;<\/p>\n<p>&nbsp;<\/p>\n","protected":false},"excerpt":{"rendered":"<p>&#8220;Traveling- it leaves you speechless, then turns you into a storyteller.&#8221; (Ibn Battuta) Exact acest lucru s-a \u00eent\u00e2mplat \u00een ceea ce m\u0103 prive\u0219te pe mine&#8230; &nbsp; De mul\u021bi ani mi-am dorit s\u0103 ajung \u00een faimoasa capital\u0103 a Cehiei, Praga, si ghici\u021bi ce?- visul meu a devenit realitate. Sunt o mare iubitoare de c\u0103l\u0103torii, de experien\u021be noi, practic, \u00eemi place s\u0103 explorez locuri necunoscute. \u00cen data de 18 octombrie 2018, \u00eempreun\u0103 cu prietenul meu, ne-am aventurat \u00een aceast\u0103 frumoas\u0103 c\u0103l\u0103torie. Un drum destul de lung, dar merit\u0103 din plin! Din p\u0103cate, am fost limita\u021bi de timpul scurt petrecut \u00een Praga, \u0219i anume, trei zile, \u00eens\u0103 acest lucru ne-a ajutat s\u0103 ne \u0219i organiz\u0103m mai bine. Sunt una dintre acele persoane care nu pleac\u0103 undeva, f\u0103r\u0103 s\u0103 se documenteze despre ora\u0219ul pe care dore\u0219te s\u0103 \u00eel viziteze. A\u0219adar, am \u00eencercat s\u0103 stabilesc un program referitor la &#8220;things to do in Prague&#8221; \u00eenc\u0103 de acas\u0103. \u00cen prima seara ne-am plimbat prin Ora\u0219ul Vechi, un loc de poveste, av\u00e2nd \u00een vedere arhitectura gotic\u0103. Aici pute\u021bi admira Ceasul Astronomic, Pia\u021ba Ora\u0219ului Vechi, Biserica Tyn \u0219i Biserica Sf. Nicoale. \u00cen a doua zi, am vizitat un loc emblematic, Castelul din Praga, construit \u00een anul 970 e.n . Catedrala St. Vitus se afl\u0103 \u00een interiorul zidului Castelului, este pur \u0219i simplu impresionant\u0103, datorit\u0103 mixului de stiluri arhitecturale (gotic, neo-gotic \u00eembinate cu influen\u021be renascentiste \u0219i baroce). &nbsp; &nbsp; &nbsp; &nbsp;<\/p>\n","protected":false},"author":119,"featured_media":0,"comment_status":"open","ping_status":"open","sticky":false,"template":"","format":"standard","meta":{"wprm-recipe-roundup-name":"","wprm-recipe-roundup-description":"","ngg_post_thumbnail":0,"footnotes":""},"categories":[8],"tags":[20,21,19,18],"class_list":["post-5","post","type-post","status-publish","format-standard","hentry","category-atunci-cand-visele-devin-realitate","tag-biserica-tyn","tag-podul-lui-charles","tag-praga","tag-traveling"],"yoast_head":"<!-- This site is optimized with the Yoast SEO plugin v27.1.1 - https:\/\/yoast.com\/product\/yoast-seo-wordpress\/ -->\n<title>Atunci c\u00e2nd visele devin realitate... - Izabella Stanca<\/title>\n<meta name=\"robots\" content=\"index, follow, max-snippet:-1, max-image-preview:large, max-video-preview:-1\" \/>\n<link rel=\"canonical\" href=\"https:\/\/tw.cm.upt.ro\/c37\/2018\/10\/31\/atunci-cand-visele-devin-realitate\/\" \/>\n<meta property=\"og:locale\" content=\"en_US\" \/>\n<meta property=\"og:type\" content=\"article\" \/>\n<meta property=\"og:title\" content=\"Atunci c\u00e2nd visele devin realitate... - Izabella Stanca\" \/>\n<meta property=\"og:description\" content=\"&#8220;Traveling- it leaves you speechless, then turns you into a storyteller.&#8221; (Ibn Battuta) Exact acest lucru s-a \u00eent\u00e2mplat \u00een ceea ce m\u0103 prive\u0219te pe mine&#8230; &nbsp; De mul\u021bi ani mi-am dorit s\u0103 ajung \u00een faimoasa capital\u0103 a Cehiei, Praga, si ghici\u021bi ce?- visul meu a devenit realitate. Sunt o mare iubitoare de c\u0103l\u0103torii, de experien\u021be noi, practic, \u00eemi place s\u0103 explorez locuri necunoscute. \u00cen data de 18 octombrie 2018, \u00eempreun\u0103 cu prietenul meu, ne-am aventurat \u00een aceast\u0103 frumoas\u0103 c\u0103l\u0103torie. Un drum destul de lung, dar merit\u0103 din plin! Din p\u0103cate, am fost limita\u021bi de timpul scurt petrecut \u00een Praga, \u0219i anume, trei zile, \u00eens\u0103 acest lucru ne-a ajutat s\u0103 ne \u0219i organiz\u0103m mai bine. Sunt una dintre acele persoane care nu pleac\u0103 undeva, f\u0103r\u0103 s\u0103 se documenteze despre ora\u0219ul pe care dore\u0219te s\u0103 \u00eel viziteze. A\u0219adar, am \u00eencercat s\u0103 stabilesc un program referitor la &#8220;things to do in Prague&#8221; \u00eenc\u0103 de acas\u0103. \u00cen prima seara ne-am plimbat prin Ora\u0219ul Vechi, un loc de poveste, av\u00e2nd \u00een vedere arhitectura gotic\u0103. Aici pute\u021bi admira Ceasul Astronomic, Pia\u021ba Ora\u0219ului Vechi, Biserica Tyn \u0219i Biserica Sf. Nicoale. \u00cen a doua zi, am vizitat un loc emblematic, Castelul din Praga, construit \u00een anul 970 e.n . Catedrala St. Vitus se afl\u0103 \u00een interiorul zidului Castelului, este pur \u0219i simplu impresionant\u0103, datorit\u0103 mixului de stiluri arhitecturale (gotic, neo-gotic \u00eembinate cu influen\u021be renascentiste \u0219i baroce). &nbsp; &nbsp; &nbsp; &nbsp;\" \/>\n<meta property=\"og:url\" content=\"https:\/\/tw.cm.upt.ro\/c37\/2018\/10\/31\/atunci-cand-visele-devin-realitate\/\" \/>\n<meta property=\"og:site_name\" content=\"Izabella Stanca\" \/>\n<meta property=\"article:published_time\" content=\"2018-10-31T19:51:22+00:00\" \/>\n<meta property=\"article:modified_time\" content=\"2018-12-18T19:35:20+00:00\" \/>\n<meta property=\"og:image\" content=\"http:\/\/tw.cm.upt.ro\/c37\/wp-content\/uploads\/sites\/124\/2018\/10\/45110928_2113699802002986_1975166953039331328_n.jpg\" \/>\n<meta name=\"author\" content=\"c37\" \/>\n<meta name=\"twitter:card\" content=\"summary_large_image\" \/>\n<meta name=\"twitter:label1\" content=\"Written by\" \/>\n\t<meta name=\"twitter:data1\" content=\"c37\" \/>\n\t<meta name=\"twitter:label2\" content=\"Est. reading time\" \/>\n\t<meta name=\"twitter:data2\" content=\"1 minute\" \/>\n<script type=\"application\/ld+json\" class=\"yoast-schema-graph\">{\"@context\":\"https:\/\/schema.org\",\"@graph\":[{\"@type\":\"Article\",\"@id\":\"https:\/\/tw.cm.upt.ro\/c37\/2018\/10\/31\/atunci-cand-visele-devin-realitate\/#article\",\"isPartOf\":{\"@id\":\"https:\/\/tw.cm.upt.ro\/c37\/2018\/10\/31\/atunci-cand-visele-devin-realitate\/\"},\"author\":{\"name\":\"c37\",\"@id\":\"https:\/\/tw.cm.upt.ro\/c37\/#\/schema\/person\/0c50d296fbf341db462ec04dcd720ed9\"},\"headline\":\"Atunci c\u00e2nd visele devin realitate&#8230;\",\"datePublished\":\"2018-10-31T19:51:22+00:00\",\"dateModified\":\"2018-12-18T19:35:20+00:00\",\"mainEntityOfPage\":{\"@id\":\"https:\/\/tw.cm.upt.ro\/c37\/2018\/10\/31\/atunci-cand-visele-devin-realitate\/\"},\"wordCount\":274,\"commentCount\":2,\"image\":{\"@id\":\"https:\/\/tw.cm.upt.ro\/c37\/2018\/10\/31\/atunci-cand-visele-devin-realitate\/#primaryimage\"},\"thumbnailUrl\":\"http:\/\/tw.cm.upt.ro\/c37\/wp-content\/uploads\/sites\/124\/2018\/10\/45110928_2113699802002986_1975166953039331328_n.jpg\",\"keywords\":[\"Biserica Tyn\",\"Podul lui Charles\",\"Praga\",\"traveling\"],\"articleSection\":[\"ATUNCI C\u00c2ND VISELE DEVIN REALITATE...\"],\"inLanguage\":\"en-US\",\"potentialAction\":[{\"@type\":\"CommentAction\",\"name\":\"Comment\",\"target\":[\"https:\/\/tw.cm.upt.ro\/c37\/2018\/10\/31\/atunci-cand-visele-devin-realitate\/#respond\"]}]},{\"@type\":\"WebPage\",\"@id\":\"https:\/\/tw.cm.upt.ro\/c37\/2018\/10\/31\/atunci-cand-visele-devin-realitate\/\",\"url\":\"https:\/\/tw.cm.upt.ro\/c37\/2018\/10\/31\/atunci-cand-visele-devin-realitate\/\",\"name\":\"Atunci c\u00e2nd visele devin realitate... - Izabella Stanca\",\"isPartOf\":{\"@id\":\"https:\/\/tw.cm.upt.ro\/c37\/#website\"},\"primaryImageOfPage\":{\"@id\":\"https:\/\/tw.cm.upt.ro\/c37\/2018\/10\/31\/atunci-cand-visele-devin-realitate\/#primaryimage\"},\"image\":{\"@id\":\"https:\/\/tw.cm.upt.ro\/c37\/2018\/10\/31\/atunci-cand-visele-devin-realitate\/#primaryimage\"},\"thumbnailUrl\":\"http:\/\/tw.cm.upt.ro\/c37\/wp-content\/uploads\/sites\/124\/2018\/10\/45110928_2113699802002986_1975166953039331328_n.jpg\",\"datePublished\":\"2018-10-31T19:51:22+00:00\",\"dateModified\":\"2018-12-18T19:35:20+00:00\",\"author\":{\"@id\":\"https:\/\/tw.cm.upt.ro\/c37\/#\/schema\/person\/0c50d296fbf341db462ec04dcd720ed9\"},\"breadcrumb\":{\"@id\":\"https:\/\/tw.cm.upt.ro\/c37\/2018\/10\/31\/atunci-cand-visele-devin-realitate\/#breadcrumb\"},\"inLanguage\":\"en-US\",\"potentialAction\":[{\"@type\":\"ReadAction\",\"target\":[\"https:\/\/tw.cm.upt.ro\/c37\/2018\/10\/31\/atunci-cand-visele-devin-realitate\/\"]}]},{\"@type\":\"ImageObject\",\"inLanguage\":\"en-US\",\"@id\":\"https:\/\/tw.cm.upt.ro\/c37\/2018\/10\/31\/atunci-cand-visele-devin-realitate\/#primaryimage\",\"url\":\"https:\/\/tw.cm.upt.ro\/c37\/wp-content\/uploads\/sites\/124\/2018\/10\/45110928_2113699802002986_1975166953039331328_n.jpg\",\"contentUrl\":\"https:\/\/tw.cm.upt.ro\/c37\/wp-content\/uploads\/sites\/124\/2018\/10\/45110928_2113699802002986_1975166953039331328_n.jpg\",\"width\":720,\"height\":960},{\"@type\":\"BreadcrumbList\",\"@id\":\"https:\/\/tw.cm.upt.ro\/c37\/2018\/10\/31\/atunci-cand-visele-devin-realitate\/#breadcrumb\",\"itemListElement\":[{\"@type\":\"ListItem\",\"position\":1,\"name\":\"Home\",\"item\":\"https:\/\/tw.cm.upt.ro\/c37\/\"},{\"@type\":\"ListItem\",\"position\":2,\"name\":\"Atunci c\u00e2nd visele devin realitate&#8230;\"}]},{\"@type\":\"WebSite\",\"@id\":\"https:\/\/tw.cm.upt.ro\/c37\/#website\",\"url\":\"https:\/\/tw.cm.upt.ro\/c37\/\",\"name\":\"Izabella Stanca\",\"description\":\"\",\"potentialAction\":[{\"@type\":\"SearchAction\",\"target\":{\"@type\":\"EntryPoint\",\"urlTemplate\":\"https:\/\/tw.cm.upt.ro\/c37\/?s={search_term_string}\"},\"query-input\":{\"@type\":\"PropertyValueSpecification\",\"valueRequired\":true,\"valueName\":\"search_term_string\"}}],\"inLanguage\":\"en-US\"},{\"@type\":\"Person\",\"@id\":\"https:\/\/tw.cm.upt.ro\/c37\/#\/schema\/person\/0c50d296fbf341db462ec04dcd720ed9\",\"name\":\"c37\",\"image\":{\"@type\":\"ImageObject\",\"inLanguage\":\"en-US\",\"@id\":\"https:\/\/tw.cm.upt.ro\/c37\/#\/schema\/person\/image\/\",\"url\":\"https:\/\/secure.gravatar.com\/avatar\/fadb01d8ddede70214ed7afe8d01c48fbf2e4880ad9e5439c4ae99a58744843b?s=96&d=mm&r=g\",\"contentUrl\":\"https:\/\/secure.gravatar.com\/avatar\/fadb01d8ddede70214ed7afe8d01c48fbf2e4880ad9e5439c4ae99a58744843b?s=96&d=mm&r=g\",\"caption\":\"c37\"},\"url\":\"https:\/\/tw.cm.upt.ro\/c37\/author\/c37\/\"}]}<\/script>\n<!-- \/ Yoast SEO plugin. -->","yoast_head_json":{"title":"Atunci c\u00e2nd visele devin realitate... - Izabella Stanca","robots":{"index":"index","follow":"follow","max-snippet":"max-snippet:-1","max-image-preview":"max-image-preview:large","max-video-preview":"max-video-preview:-1"},"canonical":"https:\/\/tw.cm.upt.ro\/c37\/2018\/10\/31\/atunci-cand-visele-devin-realitate\/","og_locale":"en_US","og_type":"article","og_title":"Atunci c\u00e2nd visele devin realitate... - Izabella Stanca","og_description":"&#8220;Traveling- it leaves you speechless, then turns you into a storyteller.&#8221; (Ibn Battuta) Exact acest lucru s-a \u00eent\u00e2mplat \u00een ceea ce m\u0103 prive\u0219te pe mine&#8230; &nbsp; De mul\u021bi ani mi-am dorit s\u0103 ajung \u00een faimoasa capital\u0103 a Cehiei, Praga, si ghici\u021bi ce?- visul meu a devenit realitate. Sunt o mare iubitoare de c\u0103l\u0103torii, de experien\u021be noi, practic, \u00eemi place s\u0103 explorez locuri necunoscute. \u00cen data de 18 octombrie 2018, \u00eempreun\u0103 cu prietenul meu, ne-am aventurat \u00een aceast\u0103 frumoas\u0103 c\u0103l\u0103torie. Un drum destul de lung, dar merit\u0103 din plin! Din p\u0103cate, am fost limita\u021bi de timpul scurt petrecut \u00een Praga, \u0219i anume, trei zile, \u00eens\u0103 acest lucru ne-a ajutat s\u0103 ne \u0219i organiz\u0103m mai bine. Sunt una dintre acele persoane care nu pleac\u0103 undeva, f\u0103r\u0103 s\u0103 se documenteze despre ora\u0219ul pe care dore\u0219te s\u0103 \u00eel viziteze. A\u0219adar, am \u00eencercat s\u0103 stabilesc un program referitor la &#8220;things to do in Prague&#8221; \u00eenc\u0103 de acas\u0103. \u00cen prima seara ne-am plimbat prin Ora\u0219ul Vechi, un loc de poveste, av\u00e2nd \u00een vedere arhitectura gotic\u0103. Aici pute\u021bi admira Ceasul Astronomic, Pia\u021ba Ora\u0219ului Vechi, Biserica Tyn \u0219i Biserica Sf. Nicoale. \u00cen a doua zi, am vizitat un loc emblematic, Castelul din Praga, construit \u00een anul 970 e.n . Catedrala St. Vitus se afl\u0103 \u00een interiorul zidului Castelului, este pur \u0219i simplu impresionant\u0103, datorit\u0103 mixului de stiluri arhitecturale (gotic, neo-gotic \u00eembinate cu influen\u021be renascentiste \u0219i baroce). &nbsp; &nbsp; &nbsp; &nbsp;","og_url":"https:\/\/tw.cm.upt.ro\/c37\/2018\/10\/31\/atunci-cand-visele-devin-realitate\/","og_site_name":"Izabella Stanca","article_published_time":"2018-10-31T19:51:22+00:00","article_modified_time":"2018-12-18T19:35:20+00:00","og_image":[{"url":"http:\/\/tw.cm.upt.ro\/c37\/wp-content\/uploads\/sites\/124\/2018\/10\/45110928_2113699802002986_1975166953039331328_n.jpg","type":"","width":"","height":""}],"author":"c37","twitter_card":"summary_large_image","twitter_misc":{"Written by":"c37","Est. reading time":"1 minute"},"schema":{"@context":"https:\/\/schema.org","@graph":[{"@type":"Article","@id":"https:\/\/tw.cm.upt.ro\/c37\/2018\/10\/31\/atunci-cand-visele-devin-realitate\/#article","isPartOf":{"@id":"https:\/\/tw.cm.upt.ro\/c37\/2018\/10\/31\/atunci-cand-visele-devin-realitate\/"},"author":{"name":"c37","@id":"https:\/\/tw.cm.upt.ro\/c37\/#\/schema\/person\/0c50d296fbf341db462ec04dcd720ed9"},"headline":"Atunci c\u00e2nd visele devin realitate&#8230;","datePublished":"2018-10-31T19:51:22+00:00","dateModified":"2018-12-18T19:35:20+00:00","mainEntityOfPage":{"@id":"https:\/\/tw.cm.upt.ro\/c37\/2018\/10\/31\/atunci-cand-visele-devin-realitate\/"},"wordCount":274,"commentCount":2,"image":{"@id":"https:\/\/tw.cm.upt.ro\/c37\/2018\/10\/31\/atunci-cand-visele-devin-realitate\/#primaryimage"},"thumbnailUrl":"http:\/\/tw.cm.upt.ro\/c37\/wp-content\/uploads\/sites\/124\/2018\/10\/45110928_2113699802002986_1975166953039331328_n.jpg","keywords":["Biserica Tyn","Podul lui Charles","Praga","traveling"],"articleSection":["ATUNCI C\u00c2ND VISELE DEVIN REALITATE..."],"inLanguage":"en-US","potentialAction":[{"@type":"CommentAction","name":"Comment","target":["https:\/\/tw.cm.upt.ro\/c37\/2018\/10\/31\/atunci-cand-visele-devin-realitate\/#respond"]}]},{"@type":"WebPage","@id":"https:\/\/tw.cm.upt.ro\/c37\/2018\/10\/31\/atunci-cand-visele-devin-realitate\/","url":"https:\/\/tw.cm.upt.ro\/c37\/2018\/10\/31\/atunci-cand-visele-devin-realitate\/","name":"Atunci c\u00e2nd visele devin realitate... - Izabella Stanca","isPartOf":{"@id":"https:\/\/tw.cm.upt.ro\/c37\/#website"},"primaryImageOfPage":{"@id":"https:\/\/tw.cm.upt.ro\/c37\/2018\/10\/31\/atunci-cand-visele-devin-realitate\/#primaryimage"},"image":{"@id":"https:\/\/tw.cm.upt.ro\/c37\/2018\/10\/31\/atunci-cand-visele-devin-realitate\/#primaryimage"},"thumbnailUrl":"http:\/\/tw.cm.upt.ro\/c37\/wp-content\/uploads\/sites\/124\/2018\/10\/45110928_2113699802002986_1975166953039331328_n.jpg","datePublished":"2018-10-31T19:51:22+00:00","dateModified":"2018-12-18T19:35:20+00:00","author":{"@id":"https:\/\/tw.cm.upt.ro\/c37\/#\/schema\/person\/0c50d296fbf341db462ec04dcd720ed9"},"breadcrumb":{"@id":"https:\/\/tw.cm.upt.ro\/c37\/2018\/10\/31\/atunci-cand-visele-devin-realitate\/#breadcrumb"},"inLanguage":"en-US","potentialAction":[{"@type":"ReadAction","target":["https:\/\/tw.cm.upt.ro\/c37\/2018\/10\/31\/atunci-cand-visele-devin-realitate\/"]}]},{"@type":"ImageObject","inLanguage":"en-US","@id":"https:\/\/tw.cm.upt.ro\/c37\/2018\/10\/31\/atunci-cand-visele-devin-realitate\/#primaryimage","url":"https:\/\/tw.cm.upt.ro\/c37\/wp-content\/uploads\/sites\/124\/2018\/10\/45110928_2113699802002986_1975166953039331328_n.jpg","contentUrl":"https:\/\/tw.cm.upt.ro\/c37\/wp-content\/uploads\/sites\/124\/2018\/10\/45110928_2113699802002986_1975166953039331328_n.jpg","width":720,"height":960},{"@type":"BreadcrumbList","@id":"https:\/\/tw.cm.upt.ro\/c37\/2018\/10\/31\/atunci-cand-visele-devin-realitate\/#breadcrumb","itemListElement":[{"@type":"ListItem","position":1,"name":"Home","item":"https:\/\/tw.cm.upt.ro\/c37\/"},{"@type":"ListItem","position":2,"name":"Atunci c\u00e2nd visele devin realitate&#8230;"}]},{"@type":"WebSite","@id":"https:\/\/tw.cm.upt.ro\/c37\/#website","url":"https:\/\/tw.cm.upt.ro\/c37\/","name":"Izabella Stanca","description":"","potentialAction":[{"@type":"SearchAction","target":{"@type":"EntryPoint","urlTemplate":"https:\/\/tw.cm.upt.ro\/c37\/?s={search_term_string}"},"query-input":{"@type":"PropertyValueSpecification","valueRequired":true,"valueName":"search_term_string"}}],"inLanguage":"en-US"},{"@type":"Person","@id":"https:\/\/tw.cm.upt.ro\/c37\/#\/schema\/person\/0c50d296fbf341db462ec04dcd720ed9","name":"c37","image":{"@type":"ImageObject","inLanguage":"en-US","@id":"https:\/\/tw.cm.upt.ro\/c37\/#\/schema\/person\/image\/","url":"https:\/\/secure.gravatar.com\/avatar\/fadb01d8ddede70214ed7afe8d01c48fbf2e4880ad9e5439c4ae99a58744843b?s=96&d=mm&r=g","contentUrl":"https:\/\/secure.gravatar.com\/avatar\/fadb01d8ddede70214ed7afe8d01c48fbf2e4880ad9e5439c4ae99a58744843b?s=96&d=mm&r=g","caption":"c37"},"url":"https:\/\/tw.cm.upt.ro\/c37\/author\/c37\/"}]}},"jetpack_featured_media_url":"","_links":{"self":[{"href":"https:\/\/tw.cm.upt.ro\/c37\/wp-json\/wp\/v2\/posts\/5","targetHints":{"allow":["GET"]}}],"collection":[{"href":"https:\/\/tw.cm.upt.ro\/c37\/wp-json\/wp\/v2\/posts"}],"about":[{"href":"https:\/\/tw.cm.upt.ro\/c37\/wp-json\/wp\/v2\/types\/post"}],"author":[{"embeddable":true,"href":"https:\/\/tw.cm.upt.ro\/c37\/wp-json\/wp\/v2\/users\/119"}],"replies":[{"embeddable":true,"href":"https:\/\/tw.cm.upt.ro\/c37\/wp-json\/wp\/v2\/comments?post=5"}],"version-history":[{"count":16,"href":"https:\/\/tw.cm.upt.ro\/c37\/wp-json\/wp\/v2\/posts\/5\/revisions"}],"predecessor-version":[{"id":269,"href":"https:\/\/tw.cm.upt.ro\/c37\/wp-json\/wp\/v2\/posts\/5\/revisions\/269"}],"wp:attachment":[{"href":"https:\/\/tw.cm.upt.ro\/c37\/wp-json\/wp\/v2\/media?parent=5"}],"wp:term":[{"taxonomy":"category","embeddable":true,"href":"https:\/\/tw.cm.upt.ro\/c37\/wp-json\/wp\/v2\/categories?post=5"},{"taxonomy":"post_tag","embeddable":true,"href":"https:\/\/tw.cm.upt.ro\/c37\/wp-json\/wp\/v2\/tags?post=5"}],"curies":[{"name":"wp","href":"https:\/\/api.w.org\/{rel}","templated":true}]}}