{"id":117,"date":"2019-12-17T00:03:52","date_gmt":"2019-12-17T00:03:52","guid":{"rendered":"http:\/\/tw.cm.upt.ro\/d17\/?p=117"},"modified":"2019-12-17T09:12:25","modified_gmt":"2019-12-17T09:12:25","slug":"cel-mai-frumos-oras","status":"publish","type":"post","link":"https:\/\/tw.cm.upt.ro\/d17\/2019\/12\/17\/cel-mai-frumos-oras\/","title":{"rendered":"Cel mai frumos ora\u0219!"},"content":{"rendered":"<div id=\"fb-root\"><\/div>\n\n<p>\u00cenc\u0103 de mic\u0103 mi-a pl\u0103cut s\u0103 c\u0103l\u0103toresc, iar primul loc unde am fost singur\u0103 \u0219i \u00een afara \u021b\u0103rii a fost <strong>Viena<\/strong>, ora\u0219ul meu de suflet.<\/p>\n\n\n\n<p>Din punctul meu de vedere, Viena este cel mai elegant ora\u0219 pe care l-am vizitat. <\/p>\n\n\n\n<p>De fiecare dat\u0103 c\u00e2nd merg acolo, \u0219i v\u0103d cl\u0103dirile vechi cu o istorie bogat\u0103 \u0219i o arhitectur\u0103 impresionant\u0103, simt c\u0103 pove\u0219tile cu prin\u021bese pe care le auzeam c\u00e2nd eram mic\u0103 sigur au avut loc acolo.<\/p>\n\n\n\n<p>Mai jos am s\u0103 v\u0103 prezint c\u00e2teva locuri fascinante ale acestui ora\u0219.<\/p>\n\n\n\n<p><strong>Palatul Schonnbrunn<\/strong>&nbsp;&#8211; Re\u0219edin\u021ba de var\u0103 a \u00eemp\u0103r\u0103tesei Sissi, palatul este unul dintre cele mai frumoase complexe arhitectonice \u00een stil baroc din Europa. Cl\u0103direa baroc\u0103 va \u00eenc\u00e2nta orice iubitor de art\u0103 \u0219i frumos, la fel \u0219i privelistea parcului, Palmenhaus, sera palmierilor, \u0219i gr\u0103dina zoologic\u0103. <\/p>\n\n\n\n<ul class=\"wp-block-gallery aligncenter columns-1 is-cropped wp-block-gallery-1 is-layout-flex wp-block-gallery-is-layout-flex\"><li class=\"blocks-gallery-item\"><figure><img fetchpriority=\"high\" decoding=\"async\" width=\"500\" height=\"334\" src=\"http:\/\/tw.cm.upt.ro\/d17\/wp-content\/uploads\/sites\/139\/2019\/12\/Viena-Schonbrunn-06.jpg\" alt=\"\" data-id=\"118\" data-link=\"http:\/\/tw.cm.upt.ro\/d17\/?attachment_id=118\" class=\"wp-image-118\" srcset=\"https:\/\/tw.cm.upt.ro\/d17\/wp-content\/uploads\/sites\/139\/2019\/12\/Viena-Schonbrunn-06.jpg 500w, https:\/\/tw.cm.upt.ro\/d17\/wp-content\/uploads\/sites\/139\/2019\/12\/Viena-Schonbrunn-06-300x200.jpg 300w, https:\/\/tw.cm.upt.ro\/d17\/wp-content\/uploads\/sites\/139\/2019\/12\/Viena-Schonbrunn-06-150x100.jpg 150w\" sizes=\"(max-width: 500px) 100vw, 500px\" \/><\/figure><\/li><\/ul>\n\n\n\n<div class=\"wp-block-image\"><figure class=\"aligncenter\"><img decoding=\"async\" width=\"1024\" height=\"768\" src=\"http:\/\/tw.cm.upt.ro\/d17\/wp-content\/uploads\/sites\/139\/2019\/12\/Palatul-Schonbrunn-Austria-22-1024x768.jpg\" alt=\"\" class=\"wp-image-119\" srcset=\"https:\/\/tw.cm.upt.ro\/d17\/wp-content\/uploads\/sites\/139\/2019\/12\/Palatul-Schonbrunn-Austria-22-1024x768.jpg 1024w, https:\/\/tw.cm.upt.ro\/d17\/wp-content\/uploads\/sites\/139\/2019\/12\/Palatul-Schonbrunn-Austria-22-300x225.jpg 300w, https:\/\/tw.cm.upt.ro\/d17\/wp-content\/uploads\/sites\/139\/2019\/12\/Palatul-Schonbrunn-Austria-22-768x576.jpg 768w, https:\/\/tw.cm.upt.ro\/d17\/wp-content\/uploads\/sites\/139\/2019\/12\/Palatul-Schonbrunn-Austria-22-150x113.jpg 150w, https:\/\/tw.cm.upt.ro\/d17\/wp-content\/uploads\/sites\/139\/2019\/12\/Palatul-Schonbrunn-Austria-22-600x450.jpg 600w, https:\/\/tw.cm.upt.ro\/d17\/wp-content\/uploads\/sites\/139\/2019\/12\/Palatul-Schonbrunn-Austria-22.jpg 1200w\" sizes=\"(max-width: 1024px) 100vw, 1024px\" \/><\/figure><\/div>\n\n\n\n<p><strong>Palatul Belvedere<\/strong>\u00a0&#8211; Palatul Belvedere a fost re\u0219edinta de var\u0103 a prin\u021bului Eugen, erou de r\u0103zboi din secolul al XVII-lea. Este un palat splendid, \u00een stil baroc, cu \u00eentinse gr\u0103dini franceze, amenajate cu bazine de ap\u0103, f\u00e2nt\u00e2ni, sculpturi, trepte \u0219i mici cascade. <\/p>\n\n\n\n<p>Tema \u00eentregului ansamblu este c\u0103l\u0103toria omului din \u00eentuneric c\u0103tre lumina divin\u0103. Belvedere g\u0103zduieste Galeria Na\u021bional\u0103 a Austriei, unde pute\u021bi vedea picturi faimoase ale arti\u0219tilor plastici austrieci, printre care lucrarea \u201cS\u0103rutul\u201d de Gustav Klimt.<\/p>\n\n\n\n<div class=\"wp-block-image\"><figure class=\"aligncenter\"><img decoding=\"async\" width=\"700\" height=\"511\" src=\"http:\/\/tw.cm.upt.ro\/d17\/wp-content\/uploads\/sites\/139\/2019\/12\/2015_07_10_1_rsz_crp_crp.jpg\" alt=\"\" class=\"wp-image-120\" srcset=\"https:\/\/tw.cm.upt.ro\/d17\/wp-content\/uploads\/sites\/139\/2019\/12\/2015_07_10_1_rsz_crp_crp.jpg 700w, https:\/\/tw.cm.upt.ro\/d17\/wp-content\/uploads\/sites\/139\/2019\/12\/2015_07_10_1_rsz_crp_crp-300x219.jpg 300w, https:\/\/tw.cm.upt.ro\/d17\/wp-content\/uploads\/sites\/139\/2019\/12\/2015_07_10_1_rsz_crp_crp-150x110.jpg 150w, https:\/\/tw.cm.upt.ro\/d17\/wp-content\/uploads\/sites\/139\/2019\/12\/2015_07_10_1_rsz_crp_crp-600x438.jpg 600w\" sizes=\"(max-width: 700px) 100vw, 700px\" \/><\/figure><\/div>\n\n\n\n<div class=\"wp-block-image\"><figure class=\"aligncenter\"><img loading=\"lazy\" decoding=\"async\" width=\"500\" height=\"500\" src=\"http:\/\/tw.cm.upt.ro\/d17\/wp-content\/uploads\/sites\/139\/2019\/12\/res_cadc614fb50fd49acb346f87dffe996e_full.jpg\" alt=\"\" class=\"wp-image-121\" srcset=\"https:\/\/tw.cm.upt.ro\/d17\/wp-content\/uploads\/sites\/139\/2019\/12\/res_cadc614fb50fd49acb346f87dffe996e_full.jpg 500w, https:\/\/tw.cm.upt.ro\/d17\/wp-content\/uploads\/sites\/139\/2019\/12\/res_cadc614fb50fd49acb346f87dffe996e_full-150x150.jpg 150w, https:\/\/tw.cm.upt.ro\/d17\/wp-content\/uploads\/sites\/139\/2019\/12\/res_cadc614fb50fd49acb346f87dffe996e_full-300x300.jpg 300w\" sizes=\"(max-width: 500px) 100vw, 500px\" \/><\/figure><\/div>\n\n\n\n<p><strong>Catedrala Stephansdom<\/strong>\u00a0&#8211; Aflat\u0103 \u00een inima ora\u0219ului, catedrala Stephansdom este unul dintre obiectivele emblematice ale Vienei \u0219i cel mai frumos edificiu gotic al Austriei. <\/p>\n\n\n\n<p>Clopotul catedralei este unul din cele mai mari din lume \u0219i a fost f\u0103cut din fierul ob\u021binut dintr-un tun capturat de la turci \u00een anul 1683. De\u0219i trebuie s\u0103 urca\u021bi 343 de trepte pentru a ajunge la balconul vizitatorului din Turnul de Sud, nu pierde\u021bi priveli\u0219tea asupra Vienei. <\/p>\n\n\n\n<div class=\"wp-block-image\"><figure class=\"aligncenter\"><img loading=\"lazy\" decoding=\"async\" width=\"1024\" height=\"585\" src=\"http:\/\/tw.cm.upt.ro\/d17\/wp-content\/uploads\/sites\/139\/2019\/12\/poza-catedrala-sf-stefan-viena-1024x585.jpg\" alt=\"\" class=\"wp-image-122\" srcset=\"https:\/\/tw.cm.upt.ro\/d17\/wp-content\/uploads\/sites\/139\/2019\/12\/poza-catedrala-sf-stefan-viena-1024x585.jpg 1024w, https:\/\/tw.cm.upt.ro\/d17\/wp-content\/uploads\/sites\/139\/2019\/12\/poza-catedrala-sf-stefan-viena-300x172.jpg 300w, https:\/\/tw.cm.upt.ro\/d17\/wp-content\/uploads\/sites\/139\/2019\/12\/poza-catedrala-sf-stefan-viena-768x439.jpg 768w, https:\/\/tw.cm.upt.ro\/d17\/wp-content\/uploads\/sites\/139\/2019\/12\/poza-catedrala-sf-stefan-viena-150x86.jpg 150w, https:\/\/tw.cm.upt.ro\/d17\/wp-content\/uploads\/sites\/139\/2019\/12\/poza-catedrala-sf-stefan-viena-600x343.jpg 600w, https:\/\/tw.cm.upt.ro\/d17\/wp-content\/uploads\/sites\/139\/2019\/12\/poza-catedrala-sf-stefan-viena.jpg 1200w\" sizes=\"(max-width: 1024px) 100vw, 1024px\" \/><\/figure><\/div>\n\n\n\n<div class=\"wp-block-image\"><figure class=\"aligncenter\"><img loading=\"lazy\" decoding=\"async\" width=\"990\" height=\"742\" src=\"http:\/\/tw.cm.upt.ro\/d17\/wp-content\/uploads\/sites\/139\/2019\/12\/Interiorul-catedralei-este-la-fel-de-impresionant-ca-\u0219i-exteriorul.jpg\" alt=\"\" class=\"wp-image-123\" srcset=\"https:\/\/tw.cm.upt.ro\/d17\/wp-content\/uploads\/sites\/139\/2019\/12\/Interiorul-catedralei-este-la-fel-de-impresionant-ca-\u0219i-exteriorul.jpg 990w, https:\/\/tw.cm.upt.ro\/d17\/wp-content\/uploads\/sites\/139\/2019\/12\/Interiorul-catedralei-este-la-fel-de-impresionant-ca-\u0219i-exteriorul-300x225.jpg 300w, https:\/\/tw.cm.upt.ro\/d17\/wp-content\/uploads\/sites\/139\/2019\/12\/Interiorul-catedralei-este-la-fel-de-impresionant-ca-\u0219i-exteriorul-768x576.jpg 768w, https:\/\/tw.cm.upt.ro\/d17\/wp-content\/uploads\/sites\/139\/2019\/12\/Interiorul-catedralei-este-la-fel-de-impresionant-ca-\u0219i-exteriorul-150x112.jpg 150w, https:\/\/tw.cm.upt.ro\/d17\/wp-content\/uploads\/sites\/139\/2019\/12\/Interiorul-catedralei-este-la-fel-de-impresionant-ca-\u0219i-exteriorul-600x450.jpg 600w\" sizes=\"(max-width: 990px) 100vw, 990px\" \/><\/figure><\/div>\n\n\n\n<div class=\"wp-block-image\"><figure class=\"aligncenter\"><img loading=\"lazy\" decoding=\"async\" width=\"841\" height=\"580\" src=\"http:\/\/tw.cm.upt.ro\/d17\/wp-content\/uploads\/sites\/139\/2019\/12\/stephansdom-in-wien-a0fa1d1b-838d-4e15-9942-4f626a4ae002.jpg\" alt=\"\" class=\"wp-image-124\" srcset=\"https:\/\/tw.cm.upt.ro\/d17\/wp-content\/uploads\/sites\/139\/2019\/12\/stephansdom-in-wien-a0fa1d1b-838d-4e15-9942-4f626a4ae002.jpg 841w, https:\/\/tw.cm.upt.ro\/d17\/wp-content\/uploads\/sites\/139\/2019\/12\/stephansdom-in-wien-a0fa1d1b-838d-4e15-9942-4f626a4ae002-300x207.jpg 300w, https:\/\/tw.cm.upt.ro\/d17\/wp-content\/uploads\/sites\/139\/2019\/12\/stephansdom-in-wien-a0fa1d1b-838d-4e15-9942-4f626a4ae002-768x530.jpg 768w, https:\/\/tw.cm.upt.ro\/d17\/wp-content\/uploads\/sites\/139\/2019\/12\/stephansdom-in-wien-a0fa1d1b-838d-4e15-9942-4f626a4ae002-150x103.jpg 150w, https:\/\/tw.cm.upt.ro\/d17\/wp-content\/uploads\/sites\/139\/2019\/12\/stephansdom-in-wien-a0fa1d1b-838d-4e15-9942-4f626a4ae002-600x414.jpg 600w\" sizes=\"(max-width: 841px) 100vw, 841px\" \/><\/figure><\/div>\n","protected":false},"excerpt":{"rendered":"<p>\u00cenc\u0103 de mic\u0103 mi-a pl\u0103cut s\u0103 c\u0103l\u0103toresc, iar primul loc unde am fost singur\u0103 \u0219i \u00een afara \u021b\u0103rii a fost Viena, ora\u0219ul meu de suflet. Din punctul meu de vedere, Viena este cel mai elegant ora\u0219 pe care l-am vizitat. De fiecare dat\u0103 c\u00e2nd merg acolo, \u0219i v\u0103d cl\u0103dirile vechi cu o istorie bogat\u0103 \u0219i&hellip; <\/p>\n","protected":false},"author":134,"featured_media":0,"comment_status":"open","ping_status":"open","sticky":false,"template":"","format":"standard","meta":{"wprm-recipe-roundup-name":"","wprm-recipe-roundup-description":"","ngg_post_thumbnail":0,"footnotes":""},"categories":[14],"tags":[],"class_list":["post-117","post","type-post","status-publish","format-standard","hentry","category-travel"],"yoast_head":"<!-- This site is optimized with the Yoast SEO plugin v27.1.1 - https:\/\/yoast.com\/product\/yoast-seo-wordpress\/ -->\n<title>Cel mai frumos ora\u0219! - CCP Travel Cel mai frumos ora\u0219! %<\/title>\n<meta name=\"description\" content=\"\u00cenc\u0103 de mic\u0103 mi-a pl\u0103cut s\u0103 c\u0103l\u0103toresc, iar primul loc unde am fost singur\u0103 \u0219i \u00een afara \u021b\u0103rii a fost Viena, ora\u0219ul meu de suflet.\" \/>\n<meta name=\"robots\" content=\"index, follow, max-snippet:-1, max-image-preview:large, max-video-preview:-1\" \/>\n<link rel=\"canonical\" href=\"https:\/\/tw.cm.upt.ro\/d17\/2019\/12\/17\/cel-mai-frumos-oras\/\" \/>\n<meta property=\"og:locale\" content=\"en_US\" \/>\n<meta property=\"og:type\" content=\"article\" \/>\n<meta property=\"og:title\" content=\"Cel mai frumos ora\u0219! - CCP Travel Cel mai frumos ora\u0219! %\" \/>\n<meta property=\"og:description\" content=\"\u00cenc\u0103 de mic\u0103 mi-a pl\u0103cut s\u0103 c\u0103l\u0103toresc, iar primul loc unde am fost singur\u0103 \u0219i \u00een afara \u021b\u0103rii a fost Viena, ora\u0219ul meu de suflet.\" \/>\n<meta property=\"og:url\" content=\"https:\/\/tw.cm.upt.ro\/d17\/2019\/12\/17\/cel-mai-frumos-oras\/\" \/>\n<meta property=\"og:site_name\" content=\"CCP\" \/>\n<meta property=\"article:published_time\" content=\"2019-12-17T00:03:52+00:00\" \/>\n<meta property=\"article:modified_time\" content=\"2019-12-17T09:12:25+00:00\" \/>\n<meta property=\"og:image\" content=\"http:\/\/tw.cm.upt.ro\/d17\/wp-content\/uploads\/sites\/139\/2019\/12\/Viena-Schonbrunn-06.jpg\" \/>\n<meta name=\"author\" content=\"d17\" \/>\n<meta name=\"twitter:card\" content=\"summary_large_image\" \/>\n<meta name=\"twitter:label1\" content=\"Written by\" \/>\n\t<meta name=\"twitter:data1\" content=\"d17\" \/>\n\t<meta name=\"twitter:label2\" content=\"Est. reading time\" \/>\n\t<meta name=\"twitter:data2\" content=\"2 minutes\" \/>\n<script type=\"application\/ld+json\" class=\"yoast-schema-graph\">{\"@context\":\"https:\/\/schema.org\",\"@graph\":[{\"@type\":\"Article\",\"@id\":\"https:\/\/tw.cm.upt.ro\/d17\/2019\/12\/17\/cel-mai-frumos-oras\/#article\",\"isPartOf\":{\"@id\":\"https:\/\/tw.cm.upt.ro\/d17\/2019\/12\/17\/cel-mai-frumos-oras\/\"},\"author\":{\"name\":\"d17\",\"@id\":\"https:\/\/tw.cm.upt.ro\/d17\/#\/schema\/person\/e1bb22a07b90ef1abcbcee603055d02b\"},\"headline\":\"Cel mai frumos ora\u0219!\",\"datePublished\":\"2019-12-17T00:03:52+00:00\",\"dateModified\":\"2019-12-17T09:12:25+00:00\",\"mainEntityOfPage\":{\"@id\":\"https:\/\/tw.cm.upt.ro\/d17\/2019\/12\/17\/cel-mai-frumos-oras\/\"},\"wordCount\":320,\"commentCount\":0,\"publisher\":{\"@id\":\"https:\/\/tw.cm.upt.ro\/d17\/#\/schema\/person\/e1bb22a07b90ef1abcbcee603055d02b\"},\"image\":{\"@id\":\"https:\/\/tw.cm.upt.ro\/d17\/2019\/12\/17\/cel-mai-frumos-oras\/#primaryimage\"},\"thumbnailUrl\":\"http:\/\/tw.cm.upt.ro\/d17\/wp-content\/uploads\/sites\/139\/2019\/12\/Viena-Schonbrunn-06.jpg\",\"articleSection\":[\"Travel\"],\"inLanguage\":\"en-US\",\"potentialAction\":[{\"@type\":\"CommentAction\",\"name\":\"Comment\",\"target\":[\"https:\/\/tw.cm.upt.ro\/d17\/2019\/12\/17\/cel-mai-frumos-oras\/#respond\"]}]},{\"@type\":\"WebPage\",\"@id\":\"https:\/\/tw.cm.upt.ro\/d17\/2019\/12\/17\/cel-mai-frumos-oras\/\",\"url\":\"https:\/\/tw.cm.upt.ro\/d17\/2019\/12\/17\/cel-mai-frumos-oras\/\",\"name\":\"Cel mai frumos ora\u0219! - CCP Travel Cel mai frumos ora\u0219! %\",\"isPartOf\":{\"@id\":\"https:\/\/tw.cm.upt.ro\/d17\/#website\"},\"primaryImageOfPage\":{\"@id\":\"https:\/\/tw.cm.upt.ro\/d17\/2019\/12\/17\/cel-mai-frumos-oras\/#primaryimage\"},\"image\":{\"@id\":\"https:\/\/tw.cm.upt.ro\/d17\/2019\/12\/17\/cel-mai-frumos-oras\/#primaryimage\"},\"thumbnailUrl\":\"http:\/\/tw.cm.upt.ro\/d17\/wp-content\/uploads\/sites\/139\/2019\/12\/Viena-Schonbrunn-06.jpg\",\"datePublished\":\"2019-12-17T00:03:52+00:00\",\"dateModified\":\"2019-12-17T09:12:25+00:00\",\"description\":\"\u00cenc\u0103 de mic\u0103 mi-a pl\u0103cut s\u0103 c\u0103l\u0103toresc, iar primul loc unde am fost singur\u0103 \u0219i \u00een afara \u021b\u0103rii a fost Viena, ora\u0219ul meu de suflet.\",\"breadcrumb\":{\"@id\":\"https:\/\/tw.cm.upt.ro\/d17\/2019\/12\/17\/cel-mai-frumos-oras\/#breadcrumb\"},\"inLanguage\":\"en-US\",\"potentialAction\":[{\"@type\":\"ReadAction\",\"target\":[\"https:\/\/tw.cm.upt.ro\/d17\/2019\/12\/17\/cel-mai-frumos-oras\/\"]}]},{\"@type\":\"ImageObject\",\"inLanguage\":\"en-US\",\"@id\":\"https:\/\/tw.cm.upt.ro\/d17\/2019\/12\/17\/cel-mai-frumos-oras\/#primaryimage\",\"url\":\"https:\/\/tw.cm.upt.ro\/d17\/wp-content\/uploads\/sites\/139\/2019\/12\/Viena-Schonbrunn-06.jpg\",\"contentUrl\":\"https:\/\/tw.cm.upt.ro\/d17\/wp-content\/uploads\/sites\/139\/2019\/12\/Viena-Schonbrunn-06.jpg\",\"width\":500,\"height\":334},{\"@type\":\"BreadcrumbList\",\"@id\":\"https:\/\/tw.cm.upt.ro\/d17\/2019\/12\/17\/cel-mai-frumos-oras\/#breadcrumb\",\"itemListElement\":[{\"@type\":\"ListItem\",\"position\":1,\"name\":\"Home\",\"item\":\"https:\/\/tw.cm.upt.ro\/d17\/\"},{\"@type\":\"ListItem\",\"position\":2,\"name\":\"Cel mai frumos ora\u0219!\"}]},{\"@type\":\"WebSite\",\"@id\":\"https:\/\/tw.cm.upt.ro\/d17\/#website\",\"url\":\"https:\/\/tw.cm.upt.ro\/d17\/\",\"name\":\"CCP\",\"description\":\"\",\"publisher\":{\"@id\":\"https:\/\/tw.cm.upt.ro\/d17\/#\/schema\/person\/e1bb22a07b90ef1abcbcee603055d02b\"},\"potentialAction\":[{\"@type\":\"SearchAction\",\"target\":{\"@type\":\"EntryPoint\",\"urlTemplate\":\"https:\/\/tw.cm.upt.ro\/d17\/?s={search_term_string}\"},\"query-input\":{\"@type\":\"PropertyValueSpecification\",\"valueRequired\":true,\"valueName\":\"search_term_string\"}}],\"inLanguage\":\"en-US\"},{\"@type\":[\"Person\",\"Organization\"],\"@id\":\"https:\/\/tw.cm.upt.ro\/d17\/#\/schema\/person\/e1bb22a07b90ef1abcbcee603055d02b\",\"name\":\"d17\",\"image\":{\"@type\":\"ImageObject\",\"inLanguage\":\"en-US\",\"@id\":\"https:\/\/tw.cm.upt.ro\/d17\/#\/schema\/person\/image\/\",\"url\":\"https:\/\/tw.cm.upt.ro\/d17\/wp-content\/uploads\/sites\/139\/2019\/12\/cropped-LogoSample_ByTailorBrands.jpg\",\"contentUrl\":\"https:\/\/tw.cm.upt.ro\/d17\/wp-content\/uploads\/sites\/139\/2019\/12\/cropped-LogoSample_ByTailorBrands.jpg\",\"width\":220,\"height\":220,\"caption\":\"d17\"},\"logo\":{\"@id\":\"https:\/\/tw.cm.upt.ro\/d17\/#\/schema\/person\/image\/\"}}]}<\/script>\n<!-- \/ Yoast SEO plugin. -->","yoast_head_json":{"title":"Cel mai frumos ora\u0219! - CCP Travel Cel mai frumos ora\u0219! %","description":"\u00cenc\u0103 de mic\u0103 mi-a pl\u0103cut s\u0103 c\u0103l\u0103toresc, iar primul loc unde am fost singur\u0103 \u0219i \u00een afara \u021b\u0103rii a fost Viena, ora\u0219ul meu de suflet.","robots":{"index":"index","follow":"follow","max-snippet":"max-snippet:-1","max-image-preview":"max-image-preview:large","max-video-preview":"max-video-preview:-1"},"canonical":"https:\/\/tw.cm.upt.ro\/d17\/2019\/12\/17\/cel-mai-frumos-oras\/","og_locale":"en_US","og_type":"article","og_title":"Cel mai frumos ora\u0219! - CCP Travel Cel mai frumos ora\u0219! %","og_description":"\u00cenc\u0103 de mic\u0103 mi-a pl\u0103cut s\u0103 c\u0103l\u0103toresc, iar primul loc unde am fost singur\u0103 \u0219i \u00een afara \u021b\u0103rii a fost Viena, ora\u0219ul meu de suflet.","og_url":"https:\/\/tw.cm.upt.ro\/d17\/2019\/12\/17\/cel-mai-frumos-oras\/","og_site_name":"CCP","article_published_time":"2019-12-17T00:03:52+00:00","article_modified_time":"2019-12-17T09:12:25+00:00","og_image":[{"url":"http:\/\/tw.cm.upt.ro\/d17\/wp-content\/uploads\/sites\/139\/2019\/12\/Viena-Schonbrunn-06.jpg","type":"","width":"","height":""}],"author":"d17","twitter_card":"summary_large_image","twitter_misc":{"Written by":"d17","Est. reading time":"2 minutes"},"schema":{"@context":"https:\/\/schema.org","@graph":[{"@type":"Article","@id":"https:\/\/tw.cm.upt.ro\/d17\/2019\/12\/17\/cel-mai-frumos-oras\/#article","isPartOf":{"@id":"https:\/\/tw.cm.upt.ro\/d17\/2019\/12\/17\/cel-mai-frumos-oras\/"},"author":{"name":"d17","@id":"https:\/\/tw.cm.upt.ro\/d17\/#\/schema\/person\/e1bb22a07b90ef1abcbcee603055d02b"},"headline":"Cel mai frumos ora\u0219!","datePublished":"2019-12-17T00:03:52+00:00","dateModified":"2019-12-17T09:12:25+00:00","mainEntityOfPage":{"@id":"https:\/\/tw.cm.upt.ro\/d17\/2019\/12\/17\/cel-mai-frumos-oras\/"},"wordCount":320,"commentCount":0,"publisher":{"@id":"https:\/\/tw.cm.upt.ro\/d17\/#\/schema\/person\/e1bb22a07b90ef1abcbcee603055d02b"},"image":{"@id":"https:\/\/tw.cm.upt.ro\/d17\/2019\/12\/17\/cel-mai-frumos-oras\/#primaryimage"},"thumbnailUrl":"http:\/\/tw.cm.upt.ro\/d17\/wp-content\/uploads\/sites\/139\/2019\/12\/Viena-Schonbrunn-06.jpg","articleSection":["Travel"],"inLanguage":"en-US","potentialAction":[{"@type":"CommentAction","name":"Comment","target":["https:\/\/tw.cm.upt.ro\/d17\/2019\/12\/17\/cel-mai-frumos-oras\/#respond"]}]},{"@type":"WebPage","@id":"https:\/\/tw.cm.upt.ro\/d17\/2019\/12\/17\/cel-mai-frumos-oras\/","url":"https:\/\/tw.cm.upt.ro\/d17\/2019\/12\/17\/cel-mai-frumos-oras\/","name":"Cel mai frumos ora\u0219! - CCP Travel Cel mai frumos ora\u0219! %","isPartOf":{"@id":"https:\/\/tw.cm.upt.ro\/d17\/#website"},"primaryImageOfPage":{"@id":"https:\/\/tw.cm.upt.ro\/d17\/2019\/12\/17\/cel-mai-frumos-oras\/#primaryimage"},"image":{"@id":"https:\/\/tw.cm.upt.ro\/d17\/2019\/12\/17\/cel-mai-frumos-oras\/#primaryimage"},"thumbnailUrl":"http:\/\/tw.cm.upt.ro\/d17\/wp-content\/uploads\/sites\/139\/2019\/12\/Viena-Schonbrunn-06.jpg","datePublished":"2019-12-17T00:03:52+00:00","dateModified":"2019-12-17T09:12:25+00:00","description":"\u00cenc\u0103 de mic\u0103 mi-a pl\u0103cut s\u0103 c\u0103l\u0103toresc, iar primul loc unde am fost singur\u0103 \u0219i \u00een afara \u021b\u0103rii a fost Viena, ora\u0219ul meu de suflet.","breadcrumb":{"@id":"https:\/\/tw.cm.upt.ro\/d17\/2019\/12\/17\/cel-mai-frumos-oras\/#breadcrumb"},"inLanguage":"en-US","potentialAction":[{"@type":"ReadAction","target":["https:\/\/tw.cm.upt.ro\/d17\/2019\/12\/17\/cel-mai-frumos-oras\/"]}]},{"@type":"ImageObject","inLanguage":"en-US","@id":"https:\/\/tw.cm.upt.ro\/d17\/2019\/12\/17\/cel-mai-frumos-oras\/#primaryimage","url":"https:\/\/tw.cm.upt.ro\/d17\/wp-content\/uploads\/sites\/139\/2019\/12\/Viena-Schonbrunn-06.jpg","contentUrl":"https:\/\/tw.cm.upt.ro\/d17\/wp-content\/uploads\/sites\/139\/2019\/12\/Viena-Schonbrunn-06.jpg","width":500,"height":334},{"@type":"BreadcrumbList","@id":"https:\/\/tw.cm.upt.ro\/d17\/2019\/12\/17\/cel-mai-frumos-oras\/#breadcrumb","itemListElement":[{"@type":"ListItem","position":1,"name":"Home","item":"https:\/\/tw.cm.upt.ro\/d17\/"},{"@type":"ListItem","position":2,"name":"Cel mai frumos ora\u0219!"}]},{"@type":"WebSite","@id":"https:\/\/tw.cm.upt.ro\/d17\/#website","url":"https:\/\/tw.cm.upt.ro\/d17\/","name":"CCP","description":"","publisher":{"@id":"https:\/\/tw.cm.upt.ro\/d17\/#\/schema\/person\/e1bb22a07b90ef1abcbcee603055d02b"},"potentialAction":[{"@type":"SearchAction","target":{"@type":"EntryPoint","urlTemplate":"https:\/\/tw.cm.upt.ro\/d17\/?s={search_term_string}"},"query-input":{"@type":"PropertyValueSpecification","valueRequired":true,"valueName":"search_term_string"}}],"inLanguage":"en-US"},{"@type":["Person","Organization"],"@id":"https:\/\/tw.cm.upt.ro\/d17\/#\/schema\/person\/e1bb22a07b90ef1abcbcee603055d02b","name":"d17","image":{"@type":"ImageObject","inLanguage":"en-US","@id":"https:\/\/tw.cm.upt.ro\/d17\/#\/schema\/person\/image\/","url":"https:\/\/tw.cm.upt.ro\/d17\/wp-content\/uploads\/sites\/139\/2019\/12\/cropped-LogoSample_ByTailorBrands.jpg","contentUrl":"https:\/\/tw.cm.upt.ro\/d17\/wp-content\/uploads\/sites\/139\/2019\/12\/cropped-LogoSample_ByTailorBrands.jpg","width":220,"height":220,"caption":"d17"},"logo":{"@id":"https:\/\/tw.cm.upt.ro\/d17\/#\/schema\/person\/image\/"}}]}},"jetpack_featured_media_url":"","_links":{"self":[{"href":"https:\/\/tw.cm.upt.ro\/d17\/wp-json\/wp\/v2\/posts\/117","targetHints":{"allow":["GET"]}}],"collection":[{"href":"https:\/\/tw.cm.upt.ro\/d17\/wp-json\/wp\/v2\/posts"}],"about":[{"href":"https:\/\/tw.cm.upt.ro\/d17\/wp-json\/wp\/v2\/types\/post"}],"author":[{"embeddable":true,"href":"https:\/\/tw.cm.upt.ro\/d17\/wp-json\/wp\/v2\/users\/134"}],"replies":[{"embeddable":true,"href":"https:\/\/tw.cm.upt.ro\/d17\/wp-json\/wp\/v2\/comments?post=117"}],"version-history":[{"count":5,"href":"https:\/\/tw.cm.upt.ro\/d17\/wp-json\/wp\/v2\/posts\/117\/revisions"}],"predecessor-version":[{"id":152,"href":"https:\/\/tw.cm.upt.ro\/d17\/wp-json\/wp\/v2\/posts\/117\/revisions\/152"}],"wp:attachment":[{"href":"https:\/\/tw.cm.upt.ro\/d17\/wp-json\/wp\/v2\/media?parent=117"}],"wp:term":[{"taxonomy":"category","embeddable":true,"href":"https:\/\/tw.cm.upt.ro\/d17\/wp-json\/wp\/v2\/categories?post=117"},{"taxonomy":"post_tag","embeddable":true,"href":"https:\/\/tw.cm.upt.ro\/d17\/wp-json\/wp\/v2\/tags?post=117"}],"curies":[{"name":"wp","href":"https:\/\/api.w.org\/{rel}","templated":true}]}}