{"id":131,"date":"2019-12-17T00:47:07","date_gmt":"2019-12-17T00:47:07","guid":{"rendered":"http:\/\/tw.cm.upt.ro\/d17\/?p=131"},"modified":"2019-12-17T01:06:02","modified_gmt":"2019-12-17T01:06:02","slug":"asteptari-vs-realitate","status":"publish","type":"post","link":"https:\/\/tw.cm.upt.ro\/d17\/2019\/12\/17\/asteptari-vs-realitate\/","title":{"rendered":"A\u0219tept\u0103ri vs Realitate"},"content":{"rendered":"<div id=\"fb-root\"><\/div>\n\n<p>Acum 2 ani am vizitat <strong>Sibiul<\/strong> de 1 decembrie pentru a vedea faimosul <strong>T\u00e2rg de Cr\u0103ciun<\/strong>. Dup\u0103 un lung drum cu trenul de aproape 8h, visam ca momentul \u00een care ajung acolo s\u0103-mi taie r\u0103suflarea.<\/p>\n\n\n\n<p>Av\u00e2nd ni\u0219te a\u0219tept\u0103ri destul de mari, \u021bin\u00e2nd cont de mediatizarea acestui \u201eWinter Wonderland\u201d, \u0219i dezam\u0103girile au fost la fel.<\/p>\n\n\n\n<p>\u00cen primul r\u00e2nd, m\u0103 a\u0219teptam s\u0103 fie ceva spectaculos, diferit de tot ce v\u0103zusem p\u00e2n\u0103 atunci, ceva la superlativ, unde te sim\u021bi ca \u00eentr-un basm. Nu, nu a fost deloc a\u0219a. A fost un t\u00e2rg mic, lipsit de acel ceva special \u0219i care la ora 22:00 s-a \u00eenchis.<\/p>\n\n\n\n<p>Am s\u0103 \u00eel compar cu ceea ce am v\u0103zut \u00een Timi\u0219oara \u0219i pot spune cu m\u00e2na pe suflet c\u0103 nu exist\u0103 grad de compara\u021bie. Este mic, \u00eenghesuit \u0219i cu nimic inovativ. <\/p>\n\n\n\n<div class=\"wp-block-image\"><figure class=\"aligncenter\"><img fetchpriority=\"high\" decoding=\"async\" width=\"950\" height=\"713\" src=\"http:\/\/tw.cm.upt.ro\/d17\/wp-content\/uploads\/sites\/139\/2019\/12\/Targul-Craciun-Sibiu-2018-1.jpg\" alt=\"\" class=\"wp-image-132\" srcset=\"https:\/\/tw.cm.upt.ro\/d17\/wp-content\/uploads\/sites\/139\/2019\/12\/Targul-Craciun-Sibiu-2018-1.jpg 950w, https:\/\/tw.cm.upt.ro\/d17\/wp-content\/uploads\/sites\/139\/2019\/12\/Targul-Craciun-Sibiu-2018-1-300x225.jpg 300w, https:\/\/tw.cm.upt.ro\/d17\/wp-content\/uploads\/sites\/139\/2019\/12\/Targul-Craciun-Sibiu-2018-1-768x576.jpg 768w, https:\/\/tw.cm.upt.ro\/d17\/wp-content\/uploads\/sites\/139\/2019\/12\/Targul-Craciun-Sibiu-2018-1-150x113.jpg 150w, https:\/\/tw.cm.upt.ro\/d17\/wp-content\/uploads\/sites\/139\/2019\/12\/Targul-Craciun-Sibiu-2018-1-600x450.jpg 600w\" sizes=\"(max-width: 950px) 100vw, 950px\" \/><figcaption>Sibiu<\/figcaption><\/figure><\/div>\n\n\n\n<div class=\"wp-block-image\"><figure class=\"aligncenter\"><img decoding=\"async\" width=\"960\" height=\"630\" src=\"http:\/\/tw.cm.upt.ro\/d17\/wp-content\/uploads\/sites\/139\/2019\/12\/targul-de-craciun-7.jpg\" alt=\"\" class=\"wp-image-133\" srcset=\"https:\/\/tw.cm.upt.ro\/d17\/wp-content\/uploads\/sites\/139\/2019\/12\/targul-de-craciun-7.jpg 960w, https:\/\/tw.cm.upt.ro\/d17\/wp-content\/uploads\/sites\/139\/2019\/12\/targul-de-craciun-7-300x197.jpg 300w, https:\/\/tw.cm.upt.ro\/d17\/wp-content\/uploads\/sites\/139\/2019\/12\/targul-de-craciun-7-768x504.jpg 768w, https:\/\/tw.cm.upt.ro\/d17\/wp-content\/uploads\/sites\/139\/2019\/12\/targul-de-craciun-7-150x98.jpg 150w, https:\/\/tw.cm.upt.ro\/d17\/wp-content\/uploads\/sites\/139\/2019\/12\/targul-de-craciun-7-600x394.jpg 600w\" sizes=\"(max-width: 960px) 100vw, 960px\" \/><figcaption>Timi\u0219oara<\/figcaption><\/figure><\/div>\n\n\n\n<p>\u00cen al doilea r\u00e2nd, dac\u0103 mergi s\u0103 te plimbi prin centru \u0219i cau\u021bi un loc unde s\u0103 bei o cafea, s\u0103 m\u0103n\u00e2nci ceva sau pur \u0219i simplu s\u0103 te \u00eenc\u0103lze\u0219ti, nu o s\u0103 g\u0103se\u0219ti, poate chiar o s\u0103 stai la coad\u0103. Nu am ajuns s\u0103 cunosc oameni de acolo, \u00eens\u0103 servirea de care am avut parte \u00een diferitele locuri pe care le-am vizitat a fost groaznic\u0103. Mergi, te a\u0219ezi la mas\u0103 \u0219i a\u0219tep\u021bi (vreo 30-40 de minute), ca mai apoi s\u0103 te ridici \u0219i s\u0103 pleci.<\/p>\n\n\n\n<div class=\"wp-block-image\"><figure class=\"aligncenter\"><img decoding=\"async\" width=\"1024\" height=\"512\" src=\"http:\/\/tw.cm.upt.ro\/d17\/wp-content\/uploads\/sites\/139\/2019\/12\/p1380020-large-1920x960-1024x512.jpg\" alt=\"\" class=\"wp-image-134\" srcset=\"https:\/\/tw.cm.upt.ro\/d17\/wp-content\/uploads\/sites\/139\/2019\/12\/p1380020-large-1920x960-1024x512.jpg 1024w, https:\/\/tw.cm.upt.ro\/d17\/wp-content\/uploads\/sites\/139\/2019\/12\/p1380020-large-1920x960-300x150.jpg 300w, https:\/\/tw.cm.upt.ro\/d17\/wp-content\/uploads\/sites\/139\/2019\/12\/p1380020-large-1920x960-768x384.jpg 768w, https:\/\/tw.cm.upt.ro\/d17\/wp-content\/uploads\/sites\/139\/2019\/12\/p1380020-large-1920x960-150x75.jpg 150w, https:\/\/tw.cm.upt.ro\/d17\/wp-content\/uploads\/sites\/139\/2019\/12\/p1380020-large-1920x960-600x300.jpg 600w, https:\/\/tw.cm.upt.ro\/d17\/wp-content\/uploads\/sites\/139\/2019\/12\/p1380020-large-1920x960.jpg 1920w\" sizes=\"(max-width: 1024px) 100vw, 1024px\" \/><figcaption>Sibiu<\/figcaption><\/figure><\/div>\n\n\n\n<figure class=\"wp-block-image\"><img loading=\"lazy\" decoding=\"async\" width=\"768\" height=\"960\" src=\"http:\/\/tw.cm.upt.ro\/d17\/wp-content\/uploads\/sites\/139\/2019\/12\/78365560_2569254493184302_8000657708824920064_o.jpg\" alt=\"\" class=\"wp-image-135\" srcset=\"https:\/\/tw.cm.upt.ro\/d17\/wp-content\/uploads\/sites\/139\/2019\/12\/78365560_2569254493184302_8000657708824920064_o.jpg 768w, https:\/\/tw.cm.upt.ro\/d17\/wp-content\/uploads\/sites\/139\/2019\/12\/78365560_2569254493184302_8000657708824920064_o-240x300.jpg 240w, https:\/\/tw.cm.upt.ro\/d17\/wp-content\/uploads\/sites\/139\/2019\/12\/78365560_2569254493184302_8000657708824920064_o-150x188.jpg 150w, https:\/\/tw.cm.upt.ro\/d17\/wp-content\/uploads\/sites\/139\/2019\/12\/78365560_2569254493184302_8000657708824920064_o-600x750.jpg 600w\" sizes=\"(max-width: 768px) 100vw, 768px\" \/><figcaption>Timi\u0219oara<\/figcaption><\/figure>\n\n\n\n<p>Nu pot spune c\u0103 mi-a displ\u0103cut, fiindc\u0103 iubesc Cr\u0103ciunul \u0219i atmosfera s\u0103rb\u0103torilor de iarn\u0103. \u00cens\u0103, pot spune c\u0103 dac\u0103 ar trebui s\u0103 aleg \u00eentre Sibiu \u0219i alt ora\u0219 (Cluj, Bucure\u0219ti, Bra\u0219ov), sigur nu a\u0219 alege Sibiu.<\/p>\n\n\n\n<div class=\"wp-block-image\"><figure class=\"aligncenter\"><img loading=\"lazy\" decoding=\"async\" width=\"1024\" height=\"498\" src=\"http:\/\/tw.cm.upt.ro\/d17\/wp-content\/uploads\/sites\/139\/2019\/12\/78224564_2569319263177825_6487204872591507456_o-1024x498.jpg\" alt=\"\" class=\"wp-image-136\" srcset=\"https:\/\/tw.cm.upt.ro\/d17\/wp-content\/uploads\/sites\/139\/2019\/12\/78224564_2569319263177825_6487204872591507456_o-1024x498.jpg 1024w, https:\/\/tw.cm.upt.ro\/d17\/wp-content\/uploads\/sites\/139\/2019\/12\/78224564_2569319263177825_6487204872591507456_o-300x146.jpg 300w, https:\/\/tw.cm.upt.ro\/d17\/wp-content\/uploads\/sites\/139\/2019\/12\/78224564_2569319263177825_6487204872591507456_o-768x373.jpg 768w, https:\/\/tw.cm.upt.ro\/d17\/wp-content\/uploads\/sites\/139\/2019\/12\/78224564_2569319263177825_6487204872591507456_o-150x73.jpg 150w, https:\/\/tw.cm.upt.ro\/d17\/wp-content\/uploads\/sites\/139\/2019\/12\/78224564_2569319263177825_6487204872591507456_o-600x292.jpg 600w, https:\/\/tw.cm.upt.ro\/d17\/wp-content\/uploads\/sites\/139\/2019\/12\/78224564_2569319263177825_6487204872591507456_o.jpg 1317w\" sizes=\"(max-width: 1024px) 100vw, 1024px\" \/><figcaption>Timi\u0219oara<\/figcaption><\/figure><\/div>\n","protected":false},"excerpt":{"rendered":"<p>Acum 2 ani am vizitat Sibiul de 1 decembrie pentru a vedea faimosul T\u00e2rg de Cr\u0103ciun. Dup\u0103 un lung drum cu trenul de aproape 8h, visam ca momentul \u00een care ajung acolo s\u0103-mi taie r\u0103suflarea. Av\u00e2nd ni\u0219te a\u0219tept\u0103ri destul de mari, \u021bin\u00e2nd cont de mediatizarea acestui \u201eWinter Wonderland\u201d, \u0219i dezam\u0103girile au fost la fel. \u00cen&hellip; <\/p>\n","protected":false},"author":134,"featured_media":0,"comment_status":"open","ping_status":"open","sticky":false,"template":"","format":"standard","meta":{"wprm-recipe-roundup-name":"","wprm-recipe-roundup-description":"","ngg_post_thumbnail":0,"footnotes":""},"categories":[14],"tags":[],"class_list":["post-131","post","type-post","status-publish","format-standard","hentry","category-travel"],"yoast_head":"<!-- This site is optimized with the Yoast SEO plugin v27.1.1 - https:\/\/yoast.com\/product\/yoast-seo-wordpress\/ -->\n<title>A\u0219tept\u0103ri vs Realitate - CCP<\/title>\n<meta name=\"robots\" content=\"index, follow, max-snippet:-1, max-image-preview:large, max-video-preview:-1\" \/>\n<link rel=\"canonical\" href=\"https:\/\/tw.cm.upt.ro\/d17\/2019\/12\/17\/asteptari-vs-realitate\/\" \/>\n<meta property=\"og:locale\" content=\"en_US\" \/>\n<meta property=\"og:type\" content=\"article\" \/>\n<meta property=\"og:title\" content=\"A\u0219tept\u0103ri vs Realitate - CCP\" \/>\n<meta property=\"og:description\" content=\"Acum 2 ani am vizitat Sibiul de 1 decembrie pentru a vedea faimosul T\u00e2rg de Cr\u0103ciun. Dup\u0103 un lung drum cu trenul de aproape 8h, visam ca momentul \u00een care ajung acolo s\u0103-mi taie r\u0103suflarea. Av\u00e2nd ni\u0219te a\u0219tept\u0103ri destul de mari, \u021bin\u00e2nd cont de mediatizarea acestui \u201eWinter Wonderland\u201d, \u0219i dezam\u0103girile au fost la fel. \u00cen&hellip;\" \/>\n<meta property=\"og:url\" content=\"https:\/\/tw.cm.upt.ro\/d17\/2019\/12\/17\/asteptari-vs-realitate\/\" \/>\n<meta property=\"og:site_name\" content=\"CCP\" \/>\n<meta property=\"article:published_time\" content=\"2019-12-17T00:47:07+00:00\" \/>\n<meta property=\"article:modified_time\" content=\"2019-12-17T01:06:02+00:00\" \/>\n<meta property=\"og:image\" content=\"http:\/\/tw.cm.upt.ro\/d17\/wp-content\/uploads\/sites\/139\/2019\/12\/Targul-Craciun-Sibiu-2018-1.jpg\" \/>\n<meta name=\"author\" content=\"d17\" \/>\n<meta name=\"twitter:card\" content=\"summary_large_image\" \/>\n<meta name=\"twitter:label1\" content=\"Written by\" \/>\n\t<meta name=\"twitter:data1\" content=\"d17\" \/>\n\t<meta name=\"twitter:label2\" content=\"Est. reading time\" \/>\n\t<meta name=\"twitter:data2\" content=\"1 minute\" \/>\n<script type=\"application\/ld+json\" class=\"yoast-schema-graph\">{\"@context\":\"https:\/\/schema.org\",\"@graph\":[{\"@type\":\"Article\",\"@id\":\"https:\/\/tw.cm.upt.ro\/d17\/2019\/12\/17\/asteptari-vs-realitate\/#article\",\"isPartOf\":{\"@id\":\"https:\/\/tw.cm.upt.ro\/d17\/2019\/12\/17\/asteptari-vs-realitate\/\"},\"author\":{\"name\":\"d17\",\"@id\":\"https:\/\/tw.cm.upt.ro\/d17\/#\/schema\/person\/e1bb22a07b90ef1abcbcee603055d02b\"},\"headline\":\"A\u0219tept\u0103ri vs Realitate\",\"datePublished\":\"2019-12-17T00:47:07+00:00\",\"dateModified\":\"2019-12-17T01:06:02+00:00\",\"mainEntityOfPage\":{\"@id\":\"https:\/\/tw.cm.upt.ro\/d17\/2019\/12\/17\/asteptari-vs-realitate\/\"},\"wordCount\":303,\"commentCount\":0,\"publisher\":{\"@id\":\"https:\/\/tw.cm.upt.ro\/d17\/#\/schema\/person\/e1bb22a07b90ef1abcbcee603055d02b\"},\"image\":{\"@id\":\"https:\/\/tw.cm.upt.ro\/d17\/2019\/12\/17\/asteptari-vs-realitate\/#primaryimage\"},\"thumbnailUrl\":\"http:\/\/tw.cm.upt.ro\/d17\/wp-content\/uploads\/sites\/139\/2019\/12\/Targul-Craciun-Sibiu-2018-1.jpg\",\"articleSection\":[\"Travel\"],\"inLanguage\":\"en-US\",\"potentialAction\":[{\"@type\":\"CommentAction\",\"name\":\"Comment\",\"target\":[\"https:\/\/tw.cm.upt.ro\/d17\/2019\/12\/17\/asteptari-vs-realitate\/#respond\"]}]},{\"@type\":\"WebPage\",\"@id\":\"https:\/\/tw.cm.upt.ro\/d17\/2019\/12\/17\/asteptari-vs-realitate\/\",\"url\":\"https:\/\/tw.cm.upt.ro\/d17\/2019\/12\/17\/asteptari-vs-realitate\/\",\"name\":\"A\u0219tept\u0103ri vs Realitate - CCP\",\"isPartOf\":{\"@id\":\"https:\/\/tw.cm.upt.ro\/d17\/#website\"},\"primaryImageOfPage\":{\"@id\":\"https:\/\/tw.cm.upt.ro\/d17\/2019\/12\/17\/asteptari-vs-realitate\/#primaryimage\"},\"image\":{\"@id\":\"https:\/\/tw.cm.upt.ro\/d17\/2019\/12\/17\/asteptari-vs-realitate\/#primaryimage\"},\"thumbnailUrl\":\"http:\/\/tw.cm.upt.ro\/d17\/wp-content\/uploads\/sites\/139\/2019\/12\/Targul-Craciun-Sibiu-2018-1.jpg\",\"datePublished\":\"2019-12-17T00:47:07+00:00\",\"dateModified\":\"2019-12-17T01:06:02+00:00\",\"breadcrumb\":{\"@id\":\"https:\/\/tw.cm.upt.ro\/d17\/2019\/12\/17\/asteptari-vs-realitate\/#breadcrumb\"},\"inLanguage\":\"en-US\",\"potentialAction\":[{\"@type\":\"ReadAction\",\"target\":[\"https:\/\/tw.cm.upt.ro\/d17\/2019\/12\/17\/asteptari-vs-realitate\/\"]}]},{\"@type\":\"ImageObject\",\"inLanguage\":\"en-US\",\"@id\":\"https:\/\/tw.cm.upt.ro\/d17\/2019\/12\/17\/asteptari-vs-realitate\/#primaryimage\",\"url\":\"https:\/\/tw.cm.upt.ro\/d17\/wp-content\/uploads\/sites\/139\/2019\/12\/Targul-Craciun-Sibiu-2018-1.jpg\",\"contentUrl\":\"https:\/\/tw.cm.upt.ro\/d17\/wp-content\/uploads\/sites\/139\/2019\/12\/Targul-Craciun-Sibiu-2018-1.jpg\",\"width\":950,\"height\":713},{\"@type\":\"BreadcrumbList\",\"@id\":\"https:\/\/tw.cm.upt.ro\/d17\/2019\/12\/17\/asteptari-vs-realitate\/#breadcrumb\",\"itemListElement\":[{\"@type\":\"ListItem\",\"position\":1,\"name\":\"Home\",\"item\":\"https:\/\/tw.cm.upt.ro\/d17\/\"},{\"@type\":\"ListItem\",\"position\":2,\"name\":\"A\u0219tept\u0103ri vs Realitate\"}]},{\"@type\":\"WebSite\",\"@id\":\"https:\/\/tw.cm.upt.ro\/d17\/#website\",\"url\":\"https:\/\/tw.cm.upt.ro\/d17\/\",\"name\":\"CCP\",\"description\":\"\",\"publisher\":{\"@id\":\"https:\/\/tw.cm.upt.ro\/d17\/#\/schema\/person\/e1bb22a07b90ef1abcbcee603055d02b\"},\"potentialAction\":[{\"@type\":\"SearchAction\",\"target\":{\"@type\":\"EntryPoint\",\"urlTemplate\":\"https:\/\/tw.cm.upt.ro\/d17\/?s={search_term_string}\"},\"query-input\":{\"@type\":\"PropertyValueSpecification\",\"valueRequired\":true,\"valueName\":\"search_term_string\"}}],\"inLanguage\":\"en-US\"},{\"@type\":[\"Person\",\"Organization\"],\"@id\":\"https:\/\/tw.cm.upt.ro\/d17\/#\/schema\/person\/e1bb22a07b90ef1abcbcee603055d02b\",\"name\":\"d17\",\"image\":{\"@type\":\"ImageObject\",\"inLanguage\":\"en-US\",\"@id\":\"https:\/\/tw.cm.upt.ro\/d17\/#\/schema\/person\/image\/\",\"url\":\"https:\/\/tw.cm.upt.ro\/d17\/wp-content\/uploads\/sites\/139\/2019\/12\/cropped-LogoSample_ByTailorBrands.jpg\",\"contentUrl\":\"https:\/\/tw.cm.upt.ro\/d17\/wp-content\/uploads\/sites\/139\/2019\/12\/cropped-LogoSample_ByTailorBrands.jpg\",\"width\":220,\"height\":220,\"caption\":\"d17\"},\"logo\":{\"@id\":\"https:\/\/tw.cm.upt.ro\/d17\/#\/schema\/person\/image\/\"}}]}<\/script>\n<!-- \/ Yoast SEO plugin. -->","yoast_head_json":{"title":"A\u0219tept\u0103ri vs Realitate - CCP","robots":{"index":"index","follow":"follow","max-snippet":"max-snippet:-1","max-image-preview":"max-image-preview:large","max-video-preview":"max-video-preview:-1"},"canonical":"https:\/\/tw.cm.upt.ro\/d17\/2019\/12\/17\/asteptari-vs-realitate\/","og_locale":"en_US","og_type":"article","og_title":"A\u0219tept\u0103ri vs Realitate - CCP","og_description":"Acum 2 ani am vizitat Sibiul de 1 decembrie pentru a vedea faimosul T\u00e2rg de Cr\u0103ciun. Dup\u0103 un lung drum cu trenul de aproape 8h, visam ca momentul \u00een care ajung acolo s\u0103-mi taie r\u0103suflarea. Av\u00e2nd ni\u0219te a\u0219tept\u0103ri destul de mari, \u021bin\u00e2nd cont de mediatizarea acestui \u201eWinter Wonderland\u201d, \u0219i dezam\u0103girile au fost la fel. \u00cen&hellip;","og_url":"https:\/\/tw.cm.upt.ro\/d17\/2019\/12\/17\/asteptari-vs-realitate\/","og_site_name":"CCP","article_published_time":"2019-12-17T00:47:07+00:00","article_modified_time":"2019-12-17T01:06:02+00:00","og_image":[{"url":"http:\/\/tw.cm.upt.ro\/d17\/wp-content\/uploads\/sites\/139\/2019\/12\/Targul-Craciun-Sibiu-2018-1.jpg","type":"","width":"","height":""}],"author":"d17","twitter_card":"summary_large_image","twitter_misc":{"Written by":"d17","Est. reading time":"1 minute"},"schema":{"@context":"https:\/\/schema.org","@graph":[{"@type":"Article","@id":"https:\/\/tw.cm.upt.ro\/d17\/2019\/12\/17\/asteptari-vs-realitate\/#article","isPartOf":{"@id":"https:\/\/tw.cm.upt.ro\/d17\/2019\/12\/17\/asteptari-vs-realitate\/"},"author":{"name":"d17","@id":"https:\/\/tw.cm.upt.ro\/d17\/#\/schema\/person\/e1bb22a07b90ef1abcbcee603055d02b"},"headline":"A\u0219tept\u0103ri vs Realitate","datePublished":"2019-12-17T00:47:07+00:00","dateModified":"2019-12-17T01:06:02+00:00","mainEntityOfPage":{"@id":"https:\/\/tw.cm.upt.ro\/d17\/2019\/12\/17\/asteptari-vs-realitate\/"},"wordCount":303,"commentCount":0,"publisher":{"@id":"https:\/\/tw.cm.upt.ro\/d17\/#\/schema\/person\/e1bb22a07b90ef1abcbcee603055d02b"},"image":{"@id":"https:\/\/tw.cm.upt.ro\/d17\/2019\/12\/17\/asteptari-vs-realitate\/#primaryimage"},"thumbnailUrl":"http:\/\/tw.cm.upt.ro\/d17\/wp-content\/uploads\/sites\/139\/2019\/12\/Targul-Craciun-Sibiu-2018-1.jpg","articleSection":["Travel"],"inLanguage":"en-US","potentialAction":[{"@type":"CommentAction","name":"Comment","target":["https:\/\/tw.cm.upt.ro\/d17\/2019\/12\/17\/asteptari-vs-realitate\/#respond"]}]},{"@type":"WebPage","@id":"https:\/\/tw.cm.upt.ro\/d17\/2019\/12\/17\/asteptari-vs-realitate\/","url":"https:\/\/tw.cm.upt.ro\/d17\/2019\/12\/17\/asteptari-vs-realitate\/","name":"A\u0219tept\u0103ri vs Realitate - CCP","isPartOf":{"@id":"https:\/\/tw.cm.upt.ro\/d17\/#website"},"primaryImageOfPage":{"@id":"https:\/\/tw.cm.upt.ro\/d17\/2019\/12\/17\/asteptari-vs-realitate\/#primaryimage"},"image":{"@id":"https:\/\/tw.cm.upt.ro\/d17\/2019\/12\/17\/asteptari-vs-realitate\/#primaryimage"},"thumbnailUrl":"http:\/\/tw.cm.upt.ro\/d17\/wp-content\/uploads\/sites\/139\/2019\/12\/Targul-Craciun-Sibiu-2018-1.jpg","datePublished":"2019-12-17T00:47:07+00:00","dateModified":"2019-12-17T01:06:02+00:00","breadcrumb":{"@id":"https:\/\/tw.cm.upt.ro\/d17\/2019\/12\/17\/asteptari-vs-realitate\/#breadcrumb"},"inLanguage":"en-US","potentialAction":[{"@type":"ReadAction","target":["https:\/\/tw.cm.upt.ro\/d17\/2019\/12\/17\/asteptari-vs-realitate\/"]}]},{"@type":"ImageObject","inLanguage":"en-US","@id":"https:\/\/tw.cm.upt.ro\/d17\/2019\/12\/17\/asteptari-vs-realitate\/#primaryimage","url":"https:\/\/tw.cm.upt.ro\/d17\/wp-content\/uploads\/sites\/139\/2019\/12\/Targul-Craciun-Sibiu-2018-1.jpg","contentUrl":"https:\/\/tw.cm.upt.ro\/d17\/wp-content\/uploads\/sites\/139\/2019\/12\/Targul-Craciun-Sibiu-2018-1.jpg","width":950,"height":713},{"@type":"BreadcrumbList","@id":"https:\/\/tw.cm.upt.ro\/d17\/2019\/12\/17\/asteptari-vs-realitate\/#breadcrumb","itemListElement":[{"@type":"ListItem","position":1,"name":"Home","item":"https:\/\/tw.cm.upt.ro\/d17\/"},{"@type":"ListItem","position":2,"name":"A\u0219tept\u0103ri vs Realitate"}]},{"@type":"WebSite","@id":"https:\/\/tw.cm.upt.ro\/d17\/#website","url":"https:\/\/tw.cm.upt.ro\/d17\/","name":"CCP","description":"","publisher":{"@id":"https:\/\/tw.cm.upt.ro\/d17\/#\/schema\/person\/e1bb22a07b90ef1abcbcee603055d02b"},"potentialAction":[{"@type":"SearchAction","target":{"@type":"EntryPoint","urlTemplate":"https:\/\/tw.cm.upt.ro\/d17\/?s={search_term_string}"},"query-input":{"@type":"PropertyValueSpecification","valueRequired":true,"valueName":"search_term_string"}}],"inLanguage":"en-US"},{"@type":["Person","Organization"],"@id":"https:\/\/tw.cm.upt.ro\/d17\/#\/schema\/person\/e1bb22a07b90ef1abcbcee603055d02b","name":"d17","image":{"@type":"ImageObject","inLanguage":"en-US","@id":"https:\/\/tw.cm.upt.ro\/d17\/#\/schema\/person\/image\/","url":"https:\/\/tw.cm.upt.ro\/d17\/wp-content\/uploads\/sites\/139\/2019\/12\/cropped-LogoSample_ByTailorBrands.jpg","contentUrl":"https:\/\/tw.cm.upt.ro\/d17\/wp-content\/uploads\/sites\/139\/2019\/12\/cropped-LogoSample_ByTailorBrands.jpg","width":220,"height":220,"caption":"d17"},"logo":{"@id":"https:\/\/tw.cm.upt.ro\/d17\/#\/schema\/person\/image\/"}}]}},"jetpack_featured_media_url":"","_links":{"self":[{"href":"https:\/\/tw.cm.upt.ro\/d17\/wp-json\/wp\/v2\/posts\/131","targetHints":{"allow":["GET"]}}],"collection":[{"href":"https:\/\/tw.cm.upt.ro\/d17\/wp-json\/wp\/v2\/posts"}],"about":[{"href":"https:\/\/tw.cm.upt.ro\/d17\/wp-json\/wp\/v2\/types\/post"}],"author":[{"embeddable":true,"href":"https:\/\/tw.cm.upt.ro\/d17\/wp-json\/wp\/v2\/users\/134"}],"replies":[{"embeddable":true,"href":"https:\/\/tw.cm.upt.ro\/d17\/wp-json\/wp\/v2\/comments?post=131"}],"version-history":[{"count":2,"href":"https:\/\/tw.cm.upt.ro\/d17\/wp-json\/wp\/v2\/posts\/131\/revisions"}],"predecessor-version":[{"id":139,"href":"https:\/\/tw.cm.upt.ro\/d17\/wp-json\/wp\/v2\/posts\/131\/revisions\/139"}],"wp:attachment":[{"href":"https:\/\/tw.cm.upt.ro\/d17\/wp-json\/wp\/v2\/media?parent=131"}],"wp:term":[{"taxonomy":"category","embeddable":true,"href":"https:\/\/tw.cm.upt.ro\/d17\/wp-json\/wp\/v2\/categories?post=131"},{"taxonomy":"post_tag","embeddable":true,"href":"https:\/\/tw.cm.upt.ro\/d17\/wp-json\/wp\/v2\/tags?post=131"}],"curies":[{"name":"wp","href":"https:\/\/api.w.org\/{rel}","templated":true}]}}