{"id":108,"date":"2019-12-15T12:17:37","date_gmt":"2019-12-15T12:17:37","guid":{"rendered":"http:\/\/tw.cm.upt.ro\/d4\/?p=108"},"modified":"2019-12-15T12:22:06","modified_gmt":"2019-12-15T12:22:06","slug":"idei-de-relaxare-pentru-un-weekend-reusit-milano-lacul-como-maggiore","status":"publish","type":"post","link":"https:\/\/tw.cm.upt.ro\/d4\/2019\/12\/15\/idei-de-relaxare-pentru-un-weekend-reusit-milano-lacul-como-maggiore\/","title":{"rendered":"Idei de relaxare pentru un weekend reusit: Lacul Como &amp; Maggiore"},"content":{"rendered":"<div id=\"fb-root\"><\/div>\n\t\t<div data-elementor-type=\"wp-post\" data-elementor-id=\"108\" class=\"elementor elementor-108\">\n\t\t\t\t\t\t<section class=\"elementor-section elementor-top-section elementor-element elementor-element-33520528 elementor-section-boxed elementor-section-height-default elementor-section-height-default\" data-id=\"33520528\" data-element_type=\"section\" data-e-type=\"section\">\n\t\t\t\t\t\t<div class=\"elementor-container elementor-column-gap-default\">\n\t\t\t\t\t<div class=\"elementor-column elementor-col-100 elementor-top-column elementor-element elementor-element-6663087f\" data-id=\"6663087f\" data-element_type=\"column\" data-e-type=\"column\">\n\t\t\t<div class=\"elementor-widget-wrap elementor-element-populated\">\n\t\t\t\t\t\t<div class=\"elementor-element elementor-element-3839906 elementor-widget elementor-widget-text-editor\" data-id=\"3839906\" data-element_type=\"widget\" data-e-type=\"widget\" data-widget_type=\"text-editor.default\">\n\t\t\t\t<div class=\"elementor-widget-container\">\n\t\t\t\t\t\t\t\t\t<p><img fetchpriority=\"high\" decoding=\"async\" class=\"aligncenter wp-image-111 size-full\" src=\"http:\/\/tw.cm.upt.ro\/d4\/wp-content\/uploads\/sites\/145\/2019\/12\/mil-1.jpg\" alt=\"\" width=\"465\" height=\"616\" srcset=\"https:\/\/tw.cm.upt.ro\/d4\/wp-content\/uploads\/sites\/145\/2019\/12\/mil-1.jpg 465w, https:\/\/tw.cm.upt.ro\/d4\/wp-content\/uploads\/sites\/145\/2019\/12\/mil-1-226x300.jpg 226w, https:\/\/tw.cm.upt.ro\/d4\/wp-content\/uploads\/sites\/145\/2019\/12\/mil-1-150x199.jpg 150w\" sizes=\"(max-width: 465px) 100vw, 465px\" \/><\/p><p>\u00a0 \u00a0 \u00a0Desigur ca toata lumea a auzit de Milano, capitala a modei dar si oras cultural, plin de obiective cu valoare istorica. In articolul de astazi propun sa vorbim despre ce minunatii putem vedeala mica distanta de Milano dar si cum putem ajunge la aceste locuri.\u00a0<\/p><p>\u00a0 \u00a0 \u00a0Incepem asadar cu lacul Como este un lac situat \u00een Lombardia, nordul Italiei, la o altitudine de 199 m, \u00eentr-o depresiune \u00eenconjurat\u0103 de mun\u021bi de granit \u0219i calcar. Acesta se afl\u0103 la o distan\u021b\u0103 de aproximativ 45 km de Milano.<\/p><p>\u00a0 \u00a0 \u00a0Datorita distantei mici dintre Milano si Lacul Como transportul cu trenul, bus sau auto din orasul Milano catre orasele Como \u0219i Lecco se face rapid si este convenabil din punct de vedere financiar. Noi am inchiriat o masina fiindca am vizitat ambele lacuri in aceeasi zi, asadar timpul a fost pretios si trebuia calculat astfel incat sa ajunga pentru ambele obiective.<\/p><p><strong>Care sunt punctele principale de atractie turistica din Como?<\/strong><\/p><p>\u00a0 \u00a0 De fapt aici voi impartasi cu voi doar pozele si impresiile mele despre obiectivele pe care am reusit noi sa le vizitam. Probabil si daca stai timp de 3 zile in acest loc vei gasi ceva nou de vazut.<\/p><p>Incepem cu Bellagio care se afla pe o fasie ingusta de pamant exact in puctul in care\u00a0Lacul Como\u00a0se bifurca.Este un loc fermecator si special, cu stradute inguste si multe scari, de unde privelistea de neegalat asupra\u00a0Lacului Como iti ofera momente de neuitat.<\/p><p><img decoding=\"async\" class=\"aligncenter wp-image-113 size-large\" src=\"http:\/\/tw.cm.upt.ro\/d4\/wp-content\/uploads\/sites\/145\/2019\/12\/postat-1024x576.jpg\" alt=\"\" width=\"960\" height=\"540\" srcset=\"https:\/\/tw.cm.upt.ro\/d4\/wp-content\/uploads\/sites\/145\/2019\/12\/postat-1024x576.jpg 1024w, https:\/\/tw.cm.upt.ro\/d4\/wp-content\/uploads\/sites\/145\/2019\/12\/postat-300x169.jpg 300w, https:\/\/tw.cm.upt.ro\/d4\/wp-content\/uploads\/sites\/145\/2019\/12\/postat-768x432.jpg 768w, https:\/\/tw.cm.upt.ro\/d4\/wp-content\/uploads\/sites\/145\/2019\/12\/postat-150x84.jpg 150w, https:\/\/tw.cm.upt.ro\/d4\/wp-content\/uploads\/sites\/145\/2019\/12\/postat-600x337.jpg 600w, https:\/\/tw.cm.upt.ro\/d4\/wp-content\/uploads\/sites\/145\/2019\/12\/postat-1140x641.jpg 1140w\" sizes=\"(max-width: 960px) 100vw, 960px\" \/><\/p><p><img decoding=\"async\" class=\"aligncenter wp-image-112 size-full\" src=\"http:\/\/tw.cm.upt.ro\/d4\/wp-content\/uploads\/sites\/145\/2019\/12\/como-o-destinatie-greu-de-neglijat.jpg\" alt=\"\" width=\"900\" height=\"661\" srcset=\"https:\/\/tw.cm.upt.ro\/d4\/wp-content\/uploads\/sites\/145\/2019\/12\/como-o-destinatie-greu-de-neglijat.jpg 900w, https:\/\/tw.cm.upt.ro\/d4\/wp-content\/uploads\/sites\/145\/2019\/12\/como-o-destinatie-greu-de-neglijat-300x220.jpg 300w, https:\/\/tw.cm.upt.ro\/d4\/wp-content\/uploads\/sites\/145\/2019\/12\/como-o-destinatie-greu-de-neglijat-768x564.jpg 768w, https:\/\/tw.cm.upt.ro\/d4\/wp-content\/uploads\/sites\/145\/2019\/12\/como-o-destinatie-greu-de-neglijat-150x110.jpg 150w, https:\/\/tw.cm.upt.ro\/d4\/wp-content\/uploads\/sites\/145\/2019\/12\/como-o-destinatie-greu-de-neglijat-600x441.jpg 600w\" sizes=\"(max-width: 900px) 100vw, 900px\" \/><\/p><p>Catedrala Como,\u00a0este exemplul cel mai bun pe care il are Italia al modului in care s-a facut tranzitia de la stilul gotic la cel renascentist in\u00a0secolul al XIV-lea.\u00a0Din acest punct de vedere, interiorul Domului va dezvaluie o pictura policroma cu altare aurite ce armonizeaza perfect, arhitectural si vizual, stilul gotic si renascentist.<\/p><p><img loading=\"lazy\" decoding=\"async\" class=\"aligncenter wp-image-114 size-full\" src=\"http:\/\/tw.cm.upt.ro\/d4\/wp-content\/uploads\/sites\/145\/2019\/12\/lombardia-como-catedrala_ekmw.jpg\" alt=\"\" width=\"1000\" height=\"665\" srcset=\"https:\/\/tw.cm.upt.ro\/d4\/wp-content\/uploads\/sites\/145\/2019\/12\/lombardia-como-catedrala_ekmw.jpg 1000w, https:\/\/tw.cm.upt.ro\/d4\/wp-content\/uploads\/sites\/145\/2019\/12\/lombardia-como-catedrala_ekmw-300x200.jpg 300w, https:\/\/tw.cm.upt.ro\/d4\/wp-content\/uploads\/sites\/145\/2019\/12\/lombardia-como-catedrala_ekmw-768x511.jpg 768w, https:\/\/tw.cm.upt.ro\/d4\/wp-content\/uploads\/sites\/145\/2019\/12\/lombardia-como-catedrala_ekmw-150x100.jpg 150w, https:\/\/tw.cm.upt.ro\/d4\/wp-content\/uploads\/sites\/145\/2019\/12\/lombardia-como-catedrala_ekmw-600x399.jpg 600w\" sizes=\"(max-width: 1000px) 100vw, 1000px\" \/><\/p><p><strong>Villa Carlotta<\/strong>\u00a0este un palat ce dateaza din\u00a0secolul al XVIII-lea; desi detine o importanta colectie de picturi si sculpturi, majoritatea turistilor aleg sa ajunga aici datorita gradinii sale si a peisajelor pe care le ofera. <img loading=\"lazy\" decoding=\"async\" class=\"aligncenter wp-image-115 size-full\" src=\"http:\/\/tw.cm.upt.ro\/d4\/wp-content\/uploads\/sites\/145\/2019\/12\/vila-carlotta_92581000.jpg\" alt=\"\" width=\"700\" height=\"395\" srcset=\"https:\/\/tw.cm.upt.ro\/d4\/wp-content\/uploads\/sites\/145\/2019\/12\/vila-carlotta_92581000.jpg 700w, https:\/\/tw.cm.upt.ro\/d4\/wp-content\/uploads\/sites\/145\/2019\/12\/vila-carlotta_92581000-300x169.jpg 300w, https:\/\/tw.cm.upt.ro\/d4\/wp-content\/uploads\/sites\/145\/2019\/12\/vila-carlotta_92581000-150x85.jpg 150w, https:\/\/tw.cm.upt.ro\/d4\/wp-content\/uploads\/sites\/145\/2019\/12\/vila-carlotta_92581000-600x339.jpg 600w\" sizes=\"(max-width: 700px) 100vw, 700px\" \/><\/p><p>\u00a0 \u00a0 Lasam in urma Lacul Como si ne indreptam spre Lacul Maggiore care este situat \u00eentre Milano \u0219i Torino, care se \u00eentinde un pic \u0219i pe teritoriul Elve\u021biei. Noi am ajuns destul de tarziu la acest obiectiv, asadar nu am reusit decat sa dam o tura cu barca si sa urcam la un viewpoint de unde am putut vedea locul de jur impreur.<\/p><p><img loading=\"lazy\" decoding=\"async\" class=\"aligncenter wp-image-116 size-full\" src=\"http:\/\/tw.cm.upt.ro\/d4\/wp-content\/uploads\/sites\/145\/2019\/12\/Capture.jpg\" alt=\"\" width=\"462\" height=\"617\" srcset=\"https:\/\/tw.cm.upt.ro\/d4\/wp-content\/uploads\/sites\/145\/2019\/12\/Capture.jpg 462w, https:\/\/tw.cm.upt.ro\/d4\/wp-content\/uploads\/sites\/145\/2019\/12\/Capture-225x300.jpg 225w, https:\/\/tw.cm.upt.ro\/d4\/wp-content\/uploads\/sites\/145\/2019\/12\/Capture-150x200.jpg 150w\" sizes=\"(max-width: 462px) 100vw, 462px\" \/><\/p><p><img loading=\"lazy\" decoding=\"async\" class=\"aligncenter wp-image-117 size-full\" src=\"http:\/\/tw.cm.upt.ro\/d4\/wp-content\/uploads\/sites\/145\/2019\/12\/xhvhd.jpg\" alt=\"\" width=\"817\" height=\"609\" srcset=\"https:\/\/tw.cm.upt.ro\/d4\/wp-content\/uploads\/sites\/145\/2019\/12\/xhvhd.jpg 817w, https:\/\/tw.cm.upt.ro\/d4\/wp-content\/uploads\/sites\/145\/2019\/12\/xhvhd-300x224.jpg 300w, https:\/\/tw.cm.upt.ro\/d4\/wp-content\/uploads\/sites\/145\/2019\/12\/xhvhd-768x572.jpg 768w, https:\/\/tw.cm.upt.ro\/d4\/wp-content\/uploads\/sites\/145\/2019\/12\/xhvhd-150x112.jpg 150w, https:\/\/tw.cm.upt.ro\/d4\/wp-content\/uploads\/sites\/145\/2019\/12\/xhvhd-600x447.jpg 600w\" sizes=\"(max-width: 817px) 100vw, 817px\" \/><\/p><p>Va las mai jos un video mai detaliat despre aceasta zona\u00a0 superba. Spor la vizionat!<\/p>\t\t\t\t\t\t\t\t<\/div>\n\t\t\t\t<\/div>\n\t\t\t\t<div class=\"elementor-element elementor-element-d11020a elementor-widget elementor-widget-video\" data-id=\"d11020a\" data-element_type=\"widget\" data-e-type=\"widget\" data-settings=\"{&quot;youtube_url&quot;:&quot;https:\\\/\\\/www.youtube.com\\\/watch?v=N4uYGaYr7zA&quot;,&quot;video_type&quot;:&quot;youtube&quot;,&quot;controls&quot;:&quot;yes&quot;}\" data-widget_type=\"video.default\">\n\t\t\t\t<div class=\"elementor-widget-container\">\n\t\t\t\t\t\t\t<div class=\"elementor-wrapper elementor-open-inline\">\n\t\t\t<div class=\"elementor-video\"><\/div>\t\t<\/div>\n\t\t\t\t\t\t<\/div>\n\t\t\t\t<\/div>\n\t\t\t\t<div class=\"elementor-element elementor-element-0f14c9c elementor-widget elementor-widget-google_maps\" data-id=\"0f14c9c\" data-element_type=\"widget\" data-e-type=\"widget\" data-widget_type=\"google_maps.default\">\n\t\t\t\t<div class=\"elementor-widget-container\">\n\t\t\t\t\t\t\t<div class=\"elementor-custom-embed\">\n\t\t\t<iframe loading=\"lazy\"\n\t\t\t\t\tsrc=\"https:\/\/maps.google.com\/maps?q=Lacul%20Como%20si%20l%20MAgiorre&#038;t=m&#038;z=10&#038;output=embed&#038;iwloc=near\"\n\t\t\t\t\ttitle=\"Lacul Como si l MAgiorre\"\n\t\t\t\t\taria-label=\"Lacul Como si l MAgiorre\"\n\t\t\t><\/iframe>\n\t\t<\/div>\n\t\t\t\t\t\t<\/div>\n\t\t\t\t<\/div>\n\t\t\t\t\t<\/div>\n\t\t<\/div>\n\t\t\t\t\t<\/div>\n\t\t<\/section>\n\t\t\t\t<section class=\"elementor-section elementor-top-section elementor-element elementor-element-55a3aff elementor-section-boxed elementor-section-height-default elementor-section-height-default\" data-id=\"55a3aff\" data-element_type=\"section\" data-e-type=\"section\">\n\t\t\t\t\t\t<div class=\"elementor-container elementor-column-gap-default\">\n\t\t\t\t\t<div class=\"elementor-column elementor-col-100 elementor-top-column elementor-element elementor-element-cf07320\" data-id=\"cf07320\" data-element_type=\"column\" data-e-type=\"column\">\n\t\t\t<div class=\"elementor-widget-wrap elementor-element-populated\">\n\t\t\t\t\t\t<div class=\"elementor-element elementor-element-7baf17c elementor-shape-circle elementor-grid-0 e-grid-align-center elementor-widget elementor-widget-social-icons\" data-id=\"7baf17c\" data-element_type=\"widget\" data-e-type=\"widget\" data-widget_type=\"social-icons.default\">\n\t\t\t\t<div class=\"elementor-widget-container\">\n\t\t\t\t\t\t\t<div class=\"elementor-social-icons-wrapper elementor-grid\">\n\t\t\t\t\t\t\t<span class=\"elementor-grid-item\">\n\t\t\t\t\t<a class=\"elementor-icon elementor-social-icon elementor-social-icon-facebook elementor-repeater-item-cadd438\" href=\"https:\/\/www.facebook.com\/cezara.burciu\" target=\"_blank\">\n\t\t\t\t\t\t<span class=\"elementor-screen-only\">Facebook<\/span>\n\t\t\t\t\t\t<i aria-hidden=\"true\" class=\"fab fa-facebook\"><\/i>\t\t\t\t\t<\/a>\n\t\t\t\t<\/span>\n\t\t\t\t\t<\/div>\n\t\t\t\t\t\t<\/div>\n\t\t\t\t<\/div>\n\t\t\t\t\t<\/div>\n\t\t<\/div>\n\t\t\t\t\t<\/div>\n\t\t<\/section>\n\t\t\t\t<\/div>\n\t\t","protected":false},"excerpt":{"rendered":"<p>\u00a0 \u00a0 \u00a0Desigur ca toata lumea a auzit de Milano, capitala a modei dar si oras cultural, plin de obiective cu valoare istorica. In articolul de astazi propun sa vorbim despre ce minunatii putem vedeala mica distanta de Milano dar si cum putem ajunge la aceste locuri.\u00a0 \u00a0 \u00a0 \u00a0Incepem asadar cu lacul Como este un lac situat \u00een Lombardia, nordul Italiei, la o altitudine de 199 m, \u00eentr-o depresiune \u00eenconjurat\u0103 de mun\u021bi de granit \u0219i calcar. Acesta se afl\u0103 la o distan\u021b\u0103 de aproximativ 45 km de Milano. \u00a0 \u00a0 \u00a0Datorita distantei mici dintre Milano si Lacul Como transportul cu trenul, bus sau auto din orasul Milano catre orasele Como \u0219i Lecco se face rapid si este convenabil din punct de vedere financiar. Noi am inchiriat o masina fiindca am vizitat ambele lacuri in aceeasi zi, asadar timpul a fost pretios si trebuia calculat astfel incat sa ajunga pentru ambele obiective. Care sunt punctele principale de atractie turistica din Como? \u00a0 \u00a0 De fapt aici voi impartasi cu voi doar pozele si impresiile mele despre obiectivele pe care am reusit noi sa le vizitam. Probabil si daca stai timp de 3 zile in acest loc vei gasi ceva nou de vazut. Incepem cu Bellagio care se afla pe o fasie ingusta de pamant exact in puctul in care\u00a0Lacul Como\u00a0se bifurca.Este un loc fermecator si special, cu stradute inguste si multe scari, de unde privelistea de neegalat asupra\u00a0Lacului Como iti ofera momente de neuitat. Catedrala Como,\u00a0este exemplul cel mai bun pe care il are Italia al modului in care s-a facut tranzitia de la stilul gotic la cel renascentist in\u00a0secolul al XIV-lea.\u00a0Din acest punct de vedere, interiorul Domului va dezvaluie o pictura policroma cu altare aurite ce armonizeaza perfect, arhitectural si vizual, stilul gotic si renascentist. Villa Carlotta\u00a0este un palat ce dateaza din\u00a0secolul al XVIII-lea; desi detine o importanta colectie de picturi si sculpturi, majoritatea turistilor aleg sa ajunga aici datorita gradinii sale si a peisajelor pe care le ofera. \u00a0 \u00a0 Lasam in urma Lacul Como si ne indreptam spre Lacul Maggiore care este situat \u00eentre Milano \u0219i Torino, care se \u00eentinde un pic \u0219i pe teritoriul Elve\u021biei. Noi am ajuns destul de tarziu la acest obiectiv, asadar nu am reusit decat sa dam o tura cu barca si sa urcam la un viewpoint de unde am putut vedea locul de jur impreur. Va las mai jos un video mai detaliat despre aceasta zona\u00a0 superba. Spor la vizionat! https:\/\/www.youtube.com\/watch?v=N4uYGaYr7zA Facebook<\/p>\n","protected":false},"author":140,"featured_media":0,"comment_status":"open","ping_status":"open","sticky":false,"template":"","format":"standard","meta":{"wprm-recipe-roundup-name":"","wprm-recipe-roundup-description":"","ngg_post_thumbnail":0,"footnotes":""},"categories":[1],"tags":[],"class_list":["post-108","post","type-post","status-publish","format-standard","hentry","category-all"],"yoast_head":"<!-- This site is optimized with the Yoast SEO plugin v27.1.1 - https:\/\/yoast.com\/product\/yoast-seo-wordpress\/ -->\n<title>Idei de relaxare pentru un weekend reusit: Lacul Como &amp; Maggiore - GoTravel<\/title>\n<meta name=\"robots\" content=\"index, follow, max-snippet:-1, max-image-preview:large, max-video-preview:-1\" \/>\n<link rel=\"canonical\" href=\"https:\/\/tw.cm.upt.ro\/d4\/2019\/12\/15\/idei-de-relaxare-pentru-un-weekend-reusit-milano-lacul-como-maggiore\/\" \/>\n<meta property=\"og:locale\" content=\"en_US\" \/>\n<meta property=\"og:type\" content=\"article\" \/>\n<meta property=\"og:title\" content=\"Idei de relaxare pentru un weekend reusit: Lacul Como &amp; Maggiore - GoTravel\" \/>\n<meta property=\"og:description\" content=\"\u00a0 \u00a0 \u00a0Desigur ca toata lumea a auzit de Milano, capitala a modei dar si oras cultural, plin de obiective cu valoare istorica. In articolul de astazi propun sa vorbim despre ce minunatii putem vedeala mica distanta de Milano dar si cum putem ajunge la aceste locuri.\u00a0 \u00a0 \u00a0 \u00a0Incepem asadar cu lacul Como este un lac situat \u00een Lombardia, nordul Italiei, la o altitudine de 199 m, \u00eentr-o depresiune \u00eenconjurat\u0103 de mun\u021bi de granit \u0219i calcar. Acesta se afl\u0103 la o distan\u021b\u0103 de aproximativ 45 km de Milano. \u00a0 \u00a0 \u00a0Datorita distantei mici dintre Milano si Lacul Como transportul cu trenul, bus sau auto din orasul Milano catre orasele Como \u0219i Lecco se face rapid si este convenabil din punct de vedere financiar. Noi am inchiriat o masina fiindca am vizitat ambele lacuri in aceeasi zi, asadar timpul a fost pretios si trebuia calculat astfel incat sa ajunga pentru ambele obiective. Care sunt punctele principale de atractie turistica din Como? \u00a0 \u00a0 De fapt aici voi impartasi cu voi doar pozele si impresiile mele despre obiectivele pe care am reusit noi sa le vizitam. Probabil si daca stai timp de 3 zile in acest loc vei gasi ceva nou de vazut. Incepem cu Bellagio care se afla pe o fasie ingusta de pamant exact in puctul in care\u00a0Lacul Como\u00a0se bifurca.Este un loc fermecator si special, cu stradute inguste si multe scari, de unde privelistea de neegalat asupra\u00a0Lacului Como iti ofera momente de neuitat. Catedrala Como,\u00a0este exemplul cel mai bun pe care il are Italia al modului in care s-a facut tranzitia de la stilul gotic la cel renascentist in\u00a0secolul al XIV-lea.\u00a0Din acest punct de vedere, interiorul Domului va dezvaluie o pictura policroma cu altare aurite ce armonizeaza perfect, arhitectural si vizual, stilul gotic si renascentist. Villa Carlotta\u00a0este un palat ce dateaza din\u00a0secolul al XVIII-lea; desi detine o importanta colectie de picturi si sculpturi, majoritatea turistilor aleg sa ajunga aici datorita gradinii sale si a peisajelor pe care le ofera. \u00a0 \u00a0 Lasam in urma Lacul Como si ne indreptam spre Lacul Maggiore care este situat \u00eentre Milano \u0219i Torino, care se \u00eentinde un pic \u0219i pe teritoriul Elve\u021biei. Noi am ajuns destul de tarziu la acest obiectiv, asadar nu am reusit decat sa dam o tura cu barca si sa urcam la un viewpoint de unde am putut vedea locul de jur impreur. Va las mai jos un video mai detaliat despre aceasta zona\u00a0 superba. Spor la vizionat! https:\/\/www.youtube.com\/watch?v=N4uYGaYr7zA Facebook\" \/>\n<meta property=\"og:url\" content=\"https:\/\/tw.cm.upt.ro\/d4\/2019\/12\/15\/idei-de-relaxare-pentru-un-weekend-reusit-milano-lacul-como-maggiore\/\" \/>\n<meta property=\"og:site_name\" content=\"GoTravel\" \/>\n<meta property=\"article:published_time\" content=\"2019-12-15T12:17:37+00:00\" \/>\n<meta property=\"article:modified_time\" content=\"2019-12-15T12:22:06+00:00\" \/>\n<meta property=\"og:image\" content=\"http:\/\/tw.cm.upt.ro\/d4\/wp-content\/uploads\/sites\/145\/2019\/12\/mil-1.jpg\" \/>\n<meta name=\"author\" content=\"d4\" \/>\n<meta name=\"twitter:card\" content=\"summary_large_image\" \/>\n<meta name=\"twitter:label1\" content=\"Written by\" \/>\n\t<meta name=\"twitter:data1\" content=\"d4\" \/>\n\t<meta name=\"twitter:label2\" content=\"Est. reading time\" \/>\n\t<meta name=\"twitter:data2\" content=\"2 minutes\" \/>\n<script type=\"application\/ld+json\" class=\"yoast-schema-graph\">{\"@context\":\"https:\/\/schema.org\",\"@graph\":[{\"@type\":\"Article\",\"@id\":\"https:\/\/tw.cm.upt.ro\/d4\/2019\/12\/15\/idei-de-relaxare-pentru-un-weekend-reusit-milano-lacul-como-maggiore\/#article\",\"isPartOf\":{\"@id\":\"https:\/\/tw.cm.upt.ro\/d4\/2019\/12\/15\/idei-de-relaxare-pentru-un-weekend-reusit-milano-lacul-como-maggiore\/\"},\"author\":{\"name\":\"d4\",\"@id\":\"https:\/\/tw.cm.upt.ro\/d4\/#\/schema\/person\/c434fa395ae0ae754a9c5bedb5c07cd5\"},\"headline\":\"Idei de relaxare pentru un weekend reusit: Lacul Como &amp; Maggiore\",\"datePublished\":\"2019-12-15T12:17:37+00:00\",\"dateModified\":\"2019-12-15T12:22:06+00:00\",\"mainEntityOfPage\":{\"@id\":\"https:\/\/tw.cm.upt.ro\/d4\/2019\/12\/15\/idei-de-relaxare-pentru-un-weekend-reusit-milano-lacul-como-maggiore\/\"},\"wordCount\":428,\"commentCount\":0,\"image\":{\"@id\":\"https:\/\/tw.cm.upt.ro\/d4\/2019\/12\/15\/idei-de-relaxare-pentru-un-weekend-reusit-milano-lacul-como-maggiore\/#primaryimage\"},\"thumbnailUrl\":\"http:\/\/tw.cm.upt.ro\/d4\/wp-content\/uploads\/sites\/145\/2019\/12\/mil-1.jpg\",\"articleSection\":[\"All of them\"],\"inLanguage\":\"en-US\",\"potentialAction\":[{\"@type\":\"CommentAction\",\"name\":\"Comment\",\"target\":[\"https:\/\/tw.cm.upt.ro\/d4\/2019\/12\/15\/idei-de-relaxare-pentru-un-weekend-reusit-milano-lacul-como-maggiore\/#respond\"]}]},{\"@type\":\"WebPage\",\"@id\":\"https:\/\/tw.cm.upt.ro\/d4\/2019\/12\/15\/idei-de-relaxare-pentru-un-weekend-reusit-milano-lacul-como-maggiore\/\",\"url\":\"https:\/\/tw.cm.upt.ro\/d4\/2019\/12\/15\/idei-de-relaxare-pentru-un-weekend-reusit-milano-lacul-como-maggiore\/\",\"name\":\"Idei de relaxare pentru un weekend reusit: Lacul Como &amp; Maggiore - GoTravel\",\"isPartOf\":{\"@id\":\"https:\/\/tw.cm.upt.ro\/d4\/#website\"},\"primaryImageOfPage\":{\"@id\":\"https:\/\/tw.cm.upt.ro\/d4\/2019\/12\/15\/idei-de-relaxare-pentru-un-weekend-reusit-milano-lacul-como-maggiore\/#primaryimage\"},\"image\":{\"@id\":\"https:\/\/tw.cm.upt.ro\/d4\/2019\/12\/15\/idei-de-relaxare-pentru-un-weekend-reusit-milano-lacul-como-maggiore\/#primaryimage\"},\"thumbnailUrl\":\"http:\/\/tw.cm.upt.ro\/d4\/wp-content\/uploads\/sites\/145\/2019\/12\/mil-1.jpg\",\"datePublished\":\"2019-12-15T12:17:37+00:00\",\"dateModified\":\"2019-12-15T12:22:06+00:00\",\"author\":{\"@id\":\"https:\/\/tw.cm.upt.ro\/d4\/#\/schema\/person\/c434fa395ae0ae754a9c5bedb5c07cd5\"},\"breadcrumb\":{\"@id\":\"https:\/\/tw.cm.upt.ro\/d4\/2019\/12\/15\/idei-de-relaxare-pentru-un-weekend-reusit-milano-lacul-como-maggiore\/#breadcrumb\"},\"inLanguage\":\"en-US\",\"potentialAction\":[{\"@type\":\"ReadAction\",\"target\":[\"https:\/\/tw.cm.upt.ro\/d4\/2019\/12\/15\/idei-de-relaxare-pentru-un-weekend-reusit-milano-lacul-como-maggiore\/\"]}]},{\"@type\":\"ImageObject\",\"inLanguage\":\"en-US\",\"@id\":\"https:\/\/tw.cm.upt.ro\/d4\/2019\/12\/15\/idei-de-relaxare-pentru-un-weekend-reusit-milano-lacul-como-maggiore\/#primaryimage\",\"url\":\"https:\/\/tw.cm.upt.ro\/d4\/wp-content\/uploads\/sites\/145\/2019\/12\/mil-1.jpg\",\"contentUrl\":\"https:\/\/tw.cm.upt.ro\/d4\/wp-content\/uploads\/sites\/145\/2019\/12\/mil-1.jpg\",\"width\":465,\"height\":616},{\"@type\":\"BreadcrumbList\",\"@id\":\"https:\/\/tw.cm.upt.ro\/d4\/2019\/12\/15\/idei-de-relaxare-pentru-un-weekend-reusit-milano-lacul-como-maggiore\/#breadcrumb\",\"itemListElement\":[{\"@type\":\"ListItem\",\"position\":1,\"name\":\"Home\",\"item\":\"https:\/\/tw.cm.upt.ro\/d4\/\"},{\"@type\":\"ListItem\",\"position\":2,\"name\":\"Idei de relaxare pentru un weekend reusit: Lacul Como &amp; Maggiore\"}]},{\"@type\":\"WebSite\",\"@id\":\"https:\/\/tw.cm.upt.ro\/d4\/#website\",\"url\":\"https:\/\/tw.cm.upt.ro\/d4\/\",\"name\":\"GoTravel\",\"description\":\"De prin lume adunate\",\"potentialAction\":[{\"@type\":\"SearchAction\",\"target\":{\"@type\":\"EntryPoint\",\"urlTemplate\":\"https:\/\/tw.cm.upt.ro\/d4\/?s={search_term_string}\"},\"query-input\":{\"@type\":\"PropertyValueSpecification\",\"valueRequired\":true,\"valueName\":\"search_term_string\"}}],\"inLanguage\":\"en-US\"},{\"@type\":\"Person\",\"@id\":\"https:\/\/tw.cm.upt.ro\/d4\/#\/schema\/person\/c434fa395ae0ae754a9c5bedb5c07cd5\",\"name\":\"d4\",\"image\":{\"@type\":\"ImageObject\",\"inLanguage\":\"en-US\",\"@id\":\"https:\/\/tw.cm.upt.ro\/d4\/#\/schema\/person\/image\/\",\"url\":\"https:\/\/secure.gravatar.com\/avatar\/a4bc8d7a57ef8959b18829bb926d7c788bac09f62edc0765f17e080d431deec8?s=96&d=mm&r=g\",\"contentUrl\":\"https:\/\/secure.gravatar.com\/avatar\/a4bc8d7a57ef8959b18829bb926d7c788bac09f62edc0765f17e080d431deec8?s=96&d=mm&r=g\",\"caption\":\"d4\"},\"url\":\"https:\/\/tw.cm.upt.ro\/d4\/author\/d4\/\"}]}<\/script>\n<!-- \/ Yoast SEO plugin. -->","yoast_head_json":{"title":"Idei de relaxare pentru un weekend reusit: Lacul Como &amp; Maggiore - GoTravel","robots":{"index":"index","follow":"follow","max-snippet":"max-snippet:-1","max-image-preview":"max-image-preview:large","max-video-preview":"max-video-preview:-1"},"canonical":"https:\/\/tw.cm.upt.ro\/d4\/2019\/12\/15\/idei-de-relaxare-pentru-un-weekend-reusit-milano-lacul-como-maggiore\/","og_locale":"en_US","og_type":"article","og_title":"Idei de relaxare pentru un weekend reusit: Lacul Como &amp; Maggiore - GoTravel","og_description":"\u00a0 \u00a0 \u00a0Desigur ca toata lumea a auzit de Milano, capitala a modei dar si oras cultural, plin de obiective cu valoare istorica. In articolul de astazi propun sa vorbim despre ce minunatii putem vedeala mica distanta de Milano dar si cum putem ajunge la aceste locuri.\u00a0 \u00a0 \u00a0 \u00a0Incepem asadar cu lacul Como este un lac situat \u00een Lombardia, nordul Italiei, la o altitudine de 199 m, \u00eentr-o depresiune \u00eenconjurat\u0103 de mun\u021bi de granit \u0219i calcar. Acesta se afl\u0103 la o distan\u021b\u0103 de aproximativ 45 km de Milano. \u00a0 \u00a0 \u00a0Datorita distantei mici dintre Milano si Lacul Como transportul cu trenul, bus sau auto din orasul Milano catre orasele Como \u0219i Lecco se face rapid si este convenabil din punct de vedere financiar. Noi am inchiriat o masina fiindca am vizitat ambele lacuri in aceeasi zi, asadar timpul a fost pretios si trebuia calculat astfel incat sa ajunga pentru ambele obiective. Care sunt punctele principale de atractie turistica din Como? \u00a0 \u00a0 De fapt aici voi impartasi cu voi doar pozele si impresiile mele despre obiectivele pe care am reusit noi sa le vizitam. Probabil si daca stai timp de 3 zile in acest loc vei gasi ceva nou de vazut. Incepem cu Bellagio care se afla pe o fasie ingusta de pamant exact in puctul in care\u00a0Lacul Como\u00a0se bifurca.Este un loc fermecator si special, cu stradute inguste si multe scari, de unde privelistea de neegalat asupra\u00a0Lacului Como iti ofera momente de neuitat. Catedrala Como,\u00a0este exemplul cel mai bun pe care il are Italia al modului in care s-a facut tranzitia de la stilul gotic la cel renascentist in\u00a0secolul al XIV-lea.\u00a0Din acest punct de vedere, interiorul Domului va dezvaluie o pictura policroma cu altare aurite ce armonizeaza perfect, arhitectural si vizual, stilul gotic si renascentist. Villa Carlotta\u00a0este un palat ce dateaza din\u00a0secolul al XVIII-lea; desi detine o importanta colectie de picturi si sculpturi, majoritatea turistilor aleg sa ajunga aici datorita gradinii sale si a peisajelor pe care le ofera. \u00a0 \u00a0 Lasam in urma Lacul Como si ne indreptam spre Lacul Maggiore care este situat \u00eentre Milano \u0219i Torino, care se \u00eentinde un pic \u0219i pe teritoriul Elve\u021biei. Noi am ajuns destul de tarziu la acest obiectiv, asadar nu am reusit decat sa dam o tura cu barca si sa urcam la un viewpoint de unde am putut vedea locul de jur impreur. Va las mai jos un video mai detaliat despre aceasta zona\u00a0 superba. Spor la vizionat! https:\/\/www.youtube.com\/watch?v=N4uYGaYr7zA Facebook","og_url":"https:\/\/tw.cm.upt.ro\/d4\/2019\/12\/15\/idei-de-relaxare-pentru-un-weekend-reusit-milano-lacul-como-maggiore\/","og_site_name":"GoTravel","article_published_time":"2019-12-15T12:17:37+00:00","article_modified_time":"2019-12-15T12:22:06+00:00","og_image":[{"url":"http:\/\/tw.cm.upt.ro\/d4\/wp-content\/uploads\/sites\/145\/2019\/12\/mil-1.jpg","type":"","width":"","height":""}],"author":"d4","twitter_card":"summary_large_image","twitter_misc":{"Written by":"d4","Est. reading time":"2 minutes"},"schema":{"@context":"https:\/\/schema.org","@graph":[{"@type":"Article","@id":"https:\/\/tw.cm.upt.ro\/d4\/2019\/12\/15\/idei-de-relaxare-pentru-un-weekend-reusit-milano-lacul-como-maggiore\/#article","isPartOf":{"@id":"https:\/\/tw.cm.upt.ro\/d4\/2019\/12\/15\/idei-de-relaxare-pentru-un-weekend-reusit-milano-lacul-como-maggiore\/"},"author":{"name":"d4","@id":"https:\/\/tw.cm.upt.ro\/d4\/#\/schema\/person\/c434fa395ae0ae754a9c5bedb5c07cd5"},"headline":"Idei de relaxare pentru un weekend reusit: Lacul Como &amp; Maggiore","datePublished":"2019-12-15T12:17:37+00:00","dateModified":"2019-12-15T12:22:06+00:00","mainEntityOfPage":{"@id":"https:\/\/tw.cm.upt.ro\/d4\/2019\/12\/15\/idei-de-relaxare-pentru-un-weekend-reusit-milano-lacul-como-maggiore\/"},"wordCount":428,"commentCount":0,"image":{"@id":"https:\/\/tw.cm.upt.ro\/d4\/2019\/12\/15\/idei-de-relaxare-pentru-un-weekend-reusit-milano-lacul-como-maggiore\/#primaryimage"},"thumbnailUrl":"http:\/\/tw.cm.upt.ro\/d4\/wp-content\/uploads\/sites\/145\/2019\/12\/mil-1.jpg","articleSection":["All of them"],"inLanguage":"en-US","potentialAction":[{"@type":"CommentAction","name":"Comment","target":["https:\/\/tw.cm.upt.ro\/d4\/2019\/12\/15\/idei-de-relaxare-pentru-un-weekend-reusit-milano-lacul-como-maggiore\/#respond"]}]},{"@type":"WebPage","@id":"https:\/\/tw.cm.upt.ro\/d4\/2019\/12\/15\/idei-de-relaxare-pentru-un-weekend-reusit-milano-lacul-como-maggiore\/","url":"https:\/\/tw.cm.upt.ro\/d4\/2019\/12\/15\/idei-de-relaxare-pentru-un-weekend-reusit-milano-lacul-como-maggiore\/","name":"Idei de relaxare pentru un weekend reusit: Lacul Como &amp; Maggiore - GoTravel","isPartOf":{"@id":"https:\/\/tw.cm.upt.ro\/d4\/#website"},"primaryImageOfPage":{"@id":"https:\/\/tw.cm.upt.ro\/d4\/2019\/12\/15\/idei-de-relaxare-pentru-un-weekend-reusit-milano-lacul-como-maggiore\/#primaryimage"},"image":{"@id":"https:\/\/tw.cm.upt.ro\/d4\/2019\/12\/15\/idei-de-relaxare-pentru-un-weekend-reusit-milano-lacul-como-maggiore\/#primaryimage"},"thumbnailUrl":"http:\/\/tw.cm.upt.ro\/d4\/wp-content\/uploads\/sites\/145\/2019\/12\/mil-1.jpg","datePublished":"2019-12-15T12:17:37+00:00","dateModified":"2019-12-15T12:22:06+00:00","author":{"@id":"https:\/\/tw.cm.upt.ro\/d4\/#\/schema\/person\/c434fa395ae0ae754a9c5bedb5c07cd5"},"breadcrumb":{"@id":"https:\/\/tw.cm.upt.ro\/d4\/2019\/12\/15\/idei-de-relaxare-pentru-un-weekend-reusit-milano-lacul-como-maggiore\/#breadcrumb"},"inLanguage":"en-US","potentialAction":[{"@type":"ReadAction","target":["https:\/\/tw.cm.upt.ro\/d4\/2019\/12\/15\/idei-de-relaxare-pentru-un-weekend-reusit-milano-lacul-como-maggiore\/"]}]},{"@type":"ImageObject","inLanguage":"en-US","@id":"https:\/\/tw.cm.upt.ro\/d4\/2019\/12\/15\/idei-de-relaxare-pentru-un-weekend-reusit-milano-lacul-como-maggiore\/#primaryimage","url":"https:\/\/tw.cm.upt.ro\/d4\/wp-content\/uploads\/sites\/145\/2019\/12\/mil-1.jpg","contentUrl":"https:\/\/tw.cm.upt.ro\/d4\/wp-content\/uploads\/sites\/145\/2019\/12\/mil-1.jpg","width":465,"height":616},{"@type":"BreadcrumbList","@id":"https:\/\/tw.cm.upt.ro\/d4\/2019\/12\/15\/idei-de-relaxare-pentru-un-weekend-reusit-milano-lacul-como-maggiore\/#breadcrumb","itemListElement":[{"@type":"ListItem","position":1,"name":"Home","item":"https:\/\/tw.cm.upt.ro\/d4\/"},{"@type":"ListItem","position":2,"name":"Idei de relaxare pentru un weekend reusit: Lacul Como &amp; Maggiore"}]},{"@type":"WebSite","@id":"https:\/\/tw.cm.upt.ro\/d4\/#website","url":"https:\/\/tw.cm.upt.ro\/d4\/","name":"GoTravel","description":"De prin lume adunate","potentialAction":[{"@type":"SearchAction","target":{"@type":"EntryPoint","urlTemplate":"https:\/\/tw.cm.upt.ro\/d4\/?s={search_term_string}"},"query-input":{"@type":"PropertyValueSpecification","valueRequired":true,"valueName":"search_term_string"}}],"inLanguage":"en-US"},{"@type":"Person","@id":"https:\/\/tw.cm.upt.ro\/d4\/#\/schema\/person\/c434fa395ae0ae754a9c5bedb5c07cd5","name":"d4","image":{"@type":"ImageObject","inLanguage":"en-US","@id":"https:\/\/tw.cm.upt.ro\/d4\/#\/schema\/person\/image\/","url":"https:\/\/secure.gravatar.com\/avatar\/a4bc8d7a57ef8959b18829bb926d7c788bac09f62edc0765f17e080d431deec8?s=96&d=mm&r=g","contentUrl":"https:\/\/secure.gravatar.com\/avatar\/a4bc8d7a57ef8959b18829bb926d7c788bac09f62edc0765f17e080d431deec8?s=96&d=mm&r=g","caption":"d4"},"url":"https:\/\/tw.cm.upt.ro\/d4\/author\/d4\/"}]}},"jetpack_featured_media_url":"","_links":{"self":[{"href":"https:\/\/tw.cm.upt.ro\/d4\/wp-json\/wp\/v2\/posts\/108","targetHints":{"allow":["GET"]}}],"collection":[{"href":"https:\/\/tw.cm.upt.ro\/d4\/wp-json\/wp\/v2\/posts"}],"about":[{"href":"https:\/\/tw.cm.upt.ro\/d4\/wp-json\/wp\/v2\/types\/post"}],"author":[{"embeddable":true,"href":"https:\/\/tw.cm.upt.ro\/d4\/wp-json\/wp\/v2\/users\/140"}],"replies":[{"embeddable":true,"href":"https:\/\/tw.cm.upt.ro\/d4\/wp-json\/wp\/v2\/comments?post=108"}],"version-history":[{"count":4,"href":"https:\/\/tw.cm.upt.ro\/d4\/wp-json\/wp\/v2\/posts\/108\/revisions"}],"predecessor-version":[{"id":121,"href":"https:\/\/tw.cm.upt.ro\/d4\/wp-json\/wp\/v2\/posts\/108\/revisions\/121"}],"wp:attachment":[{"href":"https:\/\/tw.cm.upt.ro\/d4\/wp-json\/wp\/v2\/media?parent=108"}],"wp:term":[{"taxonomy":"category","embeddable":true,"href":"https:\/\/tw.cm.upt.ro\/d4\/wp-json\/wp\/v2\/categories?post=108"},{"taxonomy":"post_tag","embeddable":true,"href":"https:\/\/tw.cm.upt.ro\/d4\/wp-json\/wp\/v2\/tags?post=108"}],"curies":[{"name":"wp","href":"https:\/\/api.w.org\/{rel}","templated":true}]}}