{"id":26,"date":"2019-12-10T18:07:18","date_gmt":"2019-12-10T18:07:18","guid":{"rendered":"http:\/\/tw.cm.upt.ro\/d7\/?p=26"},"modified":"2019-12-16T21:22:07","modified_gmt":"2019-12-16T21:22:07","slug":"barcelona-orasul-mereu-tanar","status":"publish","type":"post","link":"https:\/\/tw.cm.upt.ro\/d7\/2019\/12\/10\/barcelona-orasul-mereu-tanar\/","title":{"rendered":"Barcelona, ora\u0219ul mereu t\u00e2n\u0103r"},"content":{"rendered":"<div id=\"fb-root\"><\/div>\n\n<p> \u00cen vara anului 2017 vizitat Barcelona \u00eempreun\u0103 cu prietenul meu.<br>Timp de cinci zile ne-am bucurat de o vreme perfect\u0103, oameni prieteno\u0219i, m\u00e2ncare bun\u0103, pe scurt, un ora\u0219 minunat.<br>Am avut ocazia s\u0103 ne plimb\u0103m pe La Rambla, s\u0103 ajungem din \u00eent\u00e2mplare \u00een Cartierul Gothic, s\u0103 ne cump\u0103r\u0103m fructe proaspete din marea pia\u021b\u0103 La Boqueria, s\u0103 cunoa\u0219tem frumoasa Barcelona.<br>G\u0103zdui\u021bi am fost de veri\u0219oara mea, undeva foarte aproape de Arenas de Barcelona. <\/p>\n\n\n\n<figure class=\"wp-block-image\"><img fetchpriority=\"high\" decoding=\"async\" width=\"449\" height=\"336\" src=\"http:\/\/tw.cm.upt.ro\/d7\/wp-content\/uploads\/sites\/147\/2019\/12\/img_7693.jpg\" alt=\"\" class=\"wp-image-27\" srcset=\"https:\/\/tw.cm.upt.ro\/d7\/wp-content\/uploads\/sites\/147\/2019\/12\/img_7693.jpg 449w, https:\/\/tw.cm.upt.ro\/d7\/wp-content\/uploads\/sites\/147\/2019\/12\/img_7693-300x224.jpg 300w\" sizes=\"(max-width: 449px) 100vw, 449px\" \/><\/figure>\n\n\n\n<p> Cum am f\u0103cut de acas\u0103 o list\u0103 cu ce vrem s\u0103 vizit\u0103m, \u00een prima zi am fost la F\u00e2nt\u00e2na Magic\u0103 Montjuic \u0219i dup\u0103 la Castelul Montjuic, o fort\u0103reat\u0103 militar\u0103 cu r\u0103d\u0103cini ce dateaz\u0103 din 1640. 1<\/p>\n\n\n\n<figure class=\"wp-block-image\"><img decoding=\"async\" width=\"768\" height=\"354\" src=\"http:\/\/tw.cm.upt.ro\/d7\/wp-content\/uploads\/sites\/147\/2019\/12\/img_7692.jpg\" alt=\"\" class=\"wp-image-28\" srcset=\"https:\/\/tw.cm.upt.ro\/d7\/wp-content\/uploads\/sites\/147\/2019\/12\/img_7692.jpg 768w, https:\/\/tw.cm.upt.ro\/d7\/wp-content\/uploads\/sites\/147\/2019\/12\/img_7692-300x138.jpg 300w\" sizes=\"(max-width: 768px) 100vw, 768px\" \/><\/figure>\n\n\n\n<figure class=\"wp-block-image\"><img decoding=\"async\" src=\"https:\/\/lorenajql.files.wordpress.com\/2017\/01\/img_7689.jpg?w=676\" alt=\"img_7689\" \/><\/figure>\n\n\n\n<p> Castelul fiind \u00een v\u00e2rful dealului Montjuic, am hot\u0103r\u00e2t s\u0103 cobor\u00e2m cu telecabina deoarece eram foarte obosi\u021bi de la urcarea pe jos. De l\u00e2ng\u0103 castel se ia telecabina c\u00e2teva sta\u021bii, cu o vedere de nedescris. <\/p>\n\n\n\n<figure class=\"wp-block-image\"><img decoding=\"async\" src=\"https:\/\/lorenajql.files.wordpress.com\/2017\/01\/img_76901.jpg?w=486&amp;h=550\" alt=\"img_7690\" \/><\/figure>\n\n\n\n<p><\/p>\n\n\n\n<p>\u00cen cea de-a doua zi, am fost pe la mall-ul MareMagnum, iar dup\u0103 la Acvariul din Barcelona care era exact l\u00e2ng\u0103 mall.<\/p>\n\n\n\n<figure class=\"wp-block-image\"><img decoding=\"async\" src=\"https:\/\/lorenajql.files.wordpress.com\/2017\/01\/img_7688.jpg?w=676\" alt=\"img_7688\" \/><\/figure>\n\n\n\n<p> Apoi, ne-am plimbat p\u00e2n\u0103 am ajuns la Arcul de Triumf \u0219i am vizitat \u0219i parcul Ciutadella unde erau foarte mul\u021bi tineri care \u00ee\u0219i desf\u0103\u0219urau hobby-urile: yoga, arte mar\u021biale, gimnastic\u0103, sau pur \u0219i simplu se relaxau. <\/p>\n\n\n\n<figure class=\"wp-block-image\"><img decoding=\"async\" src=\"https:\/\/lorenajql.files.wordpress.com\/2017\/01\/img_7686.jpg?w=676\" alt=\"img_7686\" \/><\/figure>\n\n\n\n<figure class=\"wp-block-image\"><img decoding=\"async\" src=\"https:\/\/lorenajql.files.wordpress.com\/2017\/01\/img_5540.jpg?w=676\" alt=\"img_5540\" \/><\/figure>\n\n\n\n<p><br>A treia zi a fost un pic mai lung\u0103, am mers pe La Rambla, unde era foarte aglomerat dar toate magazinele de pe strad\u0103 te f\u0103ceau s\u0103 ui\u021bi de oboseal\u0103 \u0219i agita\u021bie.<br><\/p>\n\n\n\n<figure class=\"wp-block-image\"><img decoding=\"async\" src=\"https:\/\/lorenajql.files.wordpress.com\/2017\/01\/img_7685.jpg?w=676\" alt=\"img_7685\" \/><\/figure>\n\n\n\n<p> Barcelona este un ora\u0219 unde foarte mul\u021bi tineri practic\u0103 sport. Majoritatea \u00een loc s\u0103 foloseasc\u0103 metroul, se deplaseaz\u0103 cu skate-ul sau bicicleta. Pentru c\u0103 eu \u0219i prietenul meu doream s\u0103 vedem un astfel de loc, unde tinerii se str\u00e2ng \u0219i se dau pe skate, veri\u0219oara mea mi-a spus s\u0103 vizit\u0103m Macba. <\/p>\n\n\n\n<figure class=\"wp-block-image\"><img decoding=\"async\" src=\"https:\/\/lorenajql.files.wordpress.com\/2017\/01\/img_7684.jpg?w=467&amp;h=623\" alt=\"img_7684\" \/><\/figure>\n\n\n\n<p> Bine\u00een\u021beles c\u0103 am ajuns \u0219i la Park Guell, unde aveam rezervare de la ora 15:00. Parcul a fost construit \u00eentre 1900 \u0219i 1914, dar oficial este un parc public din 1926. Am r\u0103mas&nbsp; impresiona\u021bi de gr\u0103dinile parcului \u0219i de operele lui Antoni Gaud\u00ed. <\/p>\n\n\n\n<figure class=\"wp-block-image\"><img decoding=\"async\" src=\"https:\/\/lorenajql.files.wordpress.com\/2017\/01\/img_7694.jpg?w=676\" alt=\"img_7694\" \/><\/figure>\n\n\n\n<p> \u00cen cea de-a cincea zi, am fost s\u0103 vizit\u0103m Sagrada Familia, alt\u0103 oper\u0103 magnific\u0103 a lui Gaudi. Nu am g\u0103sit bilete de intrare \u00een acel moment, a\u0219a c\u0103 am rezervat pentru ultima zi vizitarea ei interioar\u0103. \u00cen drum spre Sagrada am trecut \u0219i pe l\u00e2ng\u0103 Casa Mila, ultima lucrare proiectat\u0103 de arhitect. <\/p>\n\n\n\n<figure class=\"wp-block-image\"><img decoding=\"async\" src=\"https:\/\/lorenajql.files.wordpress.com\/2017\/01\/img_7682.jpg?w=676\" alt=\"img_7682\" \/><\/figure>\n\n\n\n<p> \u00cen drum spre cas\u0103 am ajuns \u0219i pe La Barceloneta, ne-am plimbat pe plaj\u0103, am admirat apusul, iar dup\u0103, am \u00eencercat la una din terasele din zon\u0103 m\u00e2ncarea specific\u0103: Paella. <\/p>\n\n\n\n<figure class=\"wp-block-image\"><img decoding=\"async\" src=\"https:\/\/lorenajql.files.wordpress.com\/2017\/01\/img_7681.jpg?w=676\" alt=\"IMG_7681.JPG\" \/><\/figure>\n\n\n\n<p> Ultima zi a fost una mai special\u0103, am luat trenul de diminea\u021b\u0103 p\u00e2n\u0103 pe plaja de la Castelldefels. Marea \u00een fa\u021b\u0103, mun\u021bii \u00een spate. <\/p>\n\n\n\n<figure class=\"wp-block-image\"><img decoding=\"async\" src=\"https:\/\/lorenajql.files.wordpress.com\/2017\/01\/playa-2.jpg?w=676\" alt=\"playa-2\" \/><\/figure>\n\n\n\n<p> Dup\u0103 ce ne-am bucurat de soare \u0219i mare, am plecat spre cas\u0103 ca apoi s\u0103 mergem s\u0103 vizit\u0103m interiorul basilicii Sagrada Familia. <\/p>\n\n\n\n<figure class=\"wp-block-image\"><img decoding=\"async\" src=\"https:\/\/lorenajql.files.wordpress.com\/2017\/01\/img_7680.jpg?w=676\" alt=\"img_7680\" \/><\/figure>\n\n\n\n<p>\n\nBarcelona a fost superb\u0103, plin\u0103 de tineri, oameni interesan\u021bi, un ora\u0219 care niciodat\u0103 nu doarme. De\u0219i am vizitat aproape toate atrac\u021biile turistice importante, nu ne-am putut s\u0103tura de atmosfera \u0219i de frumuse\u021bea ora\u0219ului.\n\n<\/p>\n","protected":false},"excerpt":{"rendered":"<p>\u00cen vara anului 2017 vizitat Barcelona \u00eempreun\u0103 cu prietenul meu.Timp de cinci zile ne-am bucurat de o vreme perfect\u0103, oameni prieteno\u0219i, m\u00e2ncare bun\u0103, pe scurt, un ora\u0219 minunat.Am avut ocazia s\u0103 ne plimb\u0103m pe La Rambla, s\u0103 ajungem din \u00eent\u00e2mplare \u00een Cartierul Gothic, s\u0103 ne cump\u0103r\u0103m fructe proaspete din marea pia\u021b\u0103 La Boqueria, s\u0103 cunoa\u0219tem frumoasa Barcelona.G\u0103zdui\u021bi am fost de veri\u0219oara mea, undeva foarte aproape de Arenas de Barcelona. Cum am f\u0103cut de acas\u0103 o list\u0103 cu ce vrem s\u0103 vizit\u0103m, \u00een prima zi am fost la F\u00e2nt\u00e2na Magic\u0103 Montjuic \u0219i dup\u0103 la Castelul Montjuic, o fort\u0103reat\u0103 militar\u0103 cu r\u0103d\u0103cini ce dateaz\u0103 din 1640. 1 Castelul fiind \u00een v\u00e2rful dealului Montjuic, am hot\u0103r\u00e2t s\u0103 cobor\u00e2m cu telecabina deoarece eram foarte obosi\u021bi de la urcarea pe jos. De l\u00e2ng\u0103 castel se ia telecabina c\u00e2teva sta\u021bii, cu o vedere de nedescris. \u00cen cea de-a doua zi, am fost pe la mall-ul MareMagnum, iar dup\u0103 la Acvariul din Barcelona care era exact l\u00e2ng\u0103 mall. Apoi, ne-am plimbat p\u00e2n\u0103 am ajuns la Arcul de Triumf \u0219i am vizitat \u0219i parcul Ciutadella unde erau foarte mul\u021bi tineri care \u00ee\u0219i desf\u0103\u0219urau hobby-urile: yoga, arte mar\u021biale, gimnastic\u0103, sau pur \u0219i simplu se relaxau. A treia zi a fost un pic mai lung\u0103, am mers pe La Rambla, unde era foarte aglomerat dar toate magazinele de pe strad\u0103 te f\u0103ceau s\u0103 ui\u021bi de oboseal\u0103 \u0219i agita\u021bie. Barcelona este un ora\u0219 unde foarte mul\u021bi tineri practic\u0103 sport. Majoritatea \u00een loc s\u0103 foloseasc\u0103 metroul, se deplaseaz\u0103 cu skate-ul sau bicicleta. Pentru c\u0103 eu \u0219i prietenul meu doream s\u0103 vedem un astfel de loc, unde tinerii se str\u00e2ng \u0219i se dau pe skate, veri\u0219oara mea mi-a spus s\u0103 vizit\u0103m Macba. Bine\u00een\u021beles c\u0103 am ajuns \u0219i la Park Guell, unde aveam rezervare de la ora 15:00. Parcul a fost construit \u00eentre 1900 \u0219i 1914, dar oficial este un parc public din 1926. Am r\u0103mas&nbsp; impresiona\u021bi de gr\u0103dinile parcului \u0219i de operele lui Antoni Gaud\u00ed. \u00cen cea de-a cincea zi, am fost s\u0103 vizit\u0103m Sagrada Familia, alt\u0103 oper\u0103 magnific\u0103 a lui Gaudi. Nu am g\u0103sit bilete de intrare \u00een acel moment, a\u0219a c\u0103 am rezervat pentru ultima zi vizitarea ei interioar\u0103. \u00cen drum spre Sagrada am trecut \u0219i pe l\u00e2ng\u0103 Casa Mila, ultima lucrare proiectat\u0103 de arhitect. \u00cen drum spre cas\u0103 am ajuns \u0219i pe La Barceloneta, ne-am plimbat pe plaj\u0103, am admirat apusul, iar dup\u0103, am \u00eencercat la una din terasele din zon\u0103 m\u00e2ncarea specific\u0103: Paella. Ultima zi a fost una mai special\u0103, am luat trenul de diminea\u021b\u0103 p\u00e2n\u0103 pe plaja de la Castelldefels. Marea \u00een fa\u021b\u0103, mun\u021bii \u00een spate. Dup\u0103 ce ne-am bucurat de soare \u0219i mare, am plecat spre cas\u0103 ca apoi s\u0103 mergem s\u0103 vizit\u0103m interiorul basilicii Sagrada Familia. Barcelona a fost superb\u0103, plin\u0103 de tineri, oameni interesan\u021bi, un ora\u0219 care niciodat\u0103 nu doarme. De\u0219i am vizitat aproape toate atrac\u021biile turistice importante, nu ne-am putut s\u0103tura de atmosfera \u0219i de frumuse\u021bea ora\u0219ului.<\/p>\n","protected":false},"author":142,"featured_media":140,"comment_status":"open","ping_status":"open","sticky":false,"template":"","format":"standard","meta":{"wprm-recipe-roundup-name":"","wprm-recipe-roundup-description":"","ngg_post_thumbnail":0,"footnotes":""},"categories":[3],"tags":[4],"class_list":["post-26","post","type-post","status-publish","format-standard","has-post-thumbnail","hentry","category-traveling","tag-barcelona"],"yoast_head":"<!-- This site is optimized with the Yoast SEO plugin v27.1.1 - https:\/\/yoast.com\/product\/yoast-seo-wordpress\/ -->\n<title>Barcelona, ora\u0219ul mereu t\u00e2n\u0103r - Lorena Jaqueline<\/title>\n<meta name=\"robots\" content=\"index, follow, max-snippet:-1, max-image-preview:large, max-video-preview:-1\" \/>\n<link rel=\"canonical\" href=\"https:\/\/tw.cm.upt.ro\/d7\/2019\/12\/10\/barcelona-orasul-mereu-tanar\/\" \/>\n<meta property=\"og:locale\" content=\"ro_RO\" \/>\n<meta property=\"og:type\" content=\"article\" \/>\n<meta property=\"og:title\" content=\"Barcelona, ora\u0219ul mereu t\u00e2n\u0103r - Lorena Jaqueline\" \/>\n<meta property=\"og:description\" content=\"\u00cen vara anului 2017 vizitat Barcelona \u00eempreun\u0103 cu prietenul meu.Timp de cinci zile ne-am bucurat de o vreme perfect\u0103, oameni prieteno\u0219i, m\u00e2ncare bun\u0103, pe scurt, un ora\u0219 minunat.Am avut ocazia s\u0103 ne plimb\u0103m pe La Rambla, s\u0103 ajungem din \u00eent\u00e2mplare \u00een Cartierul Gothic, s\u0103 ne cump\u0103r\u0103m fructe proaspete din marea pia\u021b\u0103 La Boqueria, s\u0103 cunoa\u0219tem frumoasa Barcelona.G\u0103zdui\u021bi am fost de veri\u0219oara mea, undeva foarte aproape de Arenas de Barcelona. Cum am f\u0103cut de acas\u0103 o list\u0103 cu ce vrem s\u0103 vizit\u0103m, \u00een prima zi am fost la F\u00e2nt\u00e2na Magic\u0103 Montjuic \u0219i dup\u0103 la Castelul Montjuic, o fort\u0103reat\u0103 militar\u0103 cu r\u0103d\u0103cini ce dateaz\u0103 din 1640. 1 Castelul fiind \u00een v\u00e2rful dealului Montjuic, am hot\u0103r\u00e2t s\u0103 cobor\u00e2m cu telecabina deoarece eram foarte obosi\u021bi de la urcarea pe jos. De l\u00e2ng\u0103 castel se ia telecabina c\u00e2teva sta\u021bii, cu o vedere de nedescris. \u00cen cea de-a doua zi, am fost pe la mall-ul MareMagnum, iar dup\u0103 la Acvariul din Barcelona care era exact l\u00e2ng\u0103 mall. Apoi, ne-am plimbat p\u00e2n\u0103 am ajuns la Arcul de Triumf \u0219i am vizitat \u0219i parcul Ciutadella unde erau foarte mul\u021bi tineri care \u00ee\u0219i desf\u0103\u0219urau hobby-urile: yoga, arte mar\u021biale, gimnastic\u0103, sau pur \u0219i simplu se relaxau. A treia zi a fost un pic mai lung\u0103, am mers pe La Rambla, unde era foarte aglomerat dar toate magazinele de pe strad\u0103 te f\u0103ceau s\u0103 ui\u021bi de oboseal\u0103 \u0219i agita\u021bie. Barcelona este un ora\u0219 unde foarte mul\u021bi tineri practic\u0103 sport. Majoritatea \u00een loc s\u0103 foloseasc\u0103 metroul, se deplaseaz\u0103 cu skate-ul sau bicicleta. Pentru c\u0103 eu \u0219i prietenul meu doream s\u0103 vedem un astfel de loc, unde tinerii se str\u00e2ng \u0219i se dau pe skate, veri\u0219oara mea mi-a spus s\u0103 vizit\u0103m Macba. Bine\u00een\u021beles c\u0103 am ajuns \u0219i la Park Guell, unde aveam rezervare de la ora 15:00. Parcul a fost construit \u00eentre 1900 \u0219i 1914, dar oficial este un parc public din 1926. Am r\u0103mas&nbsp; impresiona\u021bi de gr\u0103dinile parcului \u0219i de operele lui Antoni Gaud\u00ed. \u00cen cea de-a cincea zi, am fost s\u0103 vizit\u0103m Sagrada Familia, alt\u0103 oper\u0103 magnific\u0103 a lui Gaudi. Nu am g\u0103sit bilete de intrare \u00een acel moment, a\u0219a c\u0103 am rezervat pentru ultima zi vizitarea ei interioar\u0103. \u00cen drum spre Sagrada am trecut \u0219i pe l\u00e2ng\u0103 Casa Mila, ultima lucrare proiectat\u0103 de arhitect. \u00cen drum spre cas\u0103 am ajuns \u0219i pe La Barceloneta, ne-am plimbat pe plaj\u0103, am admirat apusul, iar dup\u0103, am \u00eencercat la una din terasele din zon\u0103 m\u00e2ncarea specific\u0103: Paella. Ultima zi a fost una mai special\u0103, am luat trenul de diminea\u021b\u0103 p\u00e2n\u0103 pe plaja de la Castelldefels. Marea \u00een fa\u021b\u0103, mun\u021bii \u00een spate. Dup\u0103 ce ne-am bucurat de soare \u0219i mare, am plecat spre cas\u0103 ca apoi s\u0103 mergem s\u0103 vizit\u0103m interiorul basilicii Sagrada Familia. Barcelona a fost superb\u0103, plin\u0103 de tineri, oameni interesan\u021bi, un ora\u0219 care niciodat\u0103 nu doarme. De\u0219i am vizitat aproape toate atrac\u021biile turistice importante, nu ne-am putut s\u0103tura de atmosfera \u0219i de frumuse\u021bea ora\u0219ului.\" \/>\n<meta property=\"og:url\" content=\"https:\/\/tw.cm.upt.ro\/d7\/2019\/12\/10\/barcelona-orasul-mereu-tanar\/\" \/>\n<meta property=\"og:site_name\" content=\"Lorena Jaqueline\" \/>\n<meta property=\"article:published_time\" content=\"2019-12-10T18:07:18+00:00\" \/>\n<meta property=\"article:modified_time\" content=\"2019-12-16T21:22:07+00:00\" \/>\n<meta property=\"og:image\" content=\"https:\/\/tw.cm.upt.ro\/d7\/wp-content\/uploads\/sites\/147\/2019\/12\/img_5540.jpg\" \/>\n\t<meta property=\"og:image:width\" content=\"676\" \/>\n\t<meta property=\"og:image:height\" content=\"507\" \/>\n\t<meta property=\"og:image:type\" content=\"image\/jpeg\" \/>\n<meta name=\"author\" content=\"d7\" \/>\n<meta name=\"twitter:card\" content=\"summary_large_image\" \/>\n<meta name=\"twitter:label1\" content=\"Written by\" \/>\n\t<meta name=\"twitter:data1\" content=\"d7\" \/>\n\t<meta name=\"twitter:label2\" content=\"Est. reading time\" \/>\n\t<meta name=\"twitter:data2\" content=\"3 minutes\" \/>\n<script type=\"application\/ld+json\" class=\"yoast-schema-graph\">{\"@context\":\"https:\/\/schema.org\",\"@graph\":[{\"@type\":\"Article\",\"@id\":\"https:\/\/tw.cm.upt.ro\/d7\/2019\/12\/10\/barcelona-orasul-mereu-tanar\/#article\",\"isPartOf\":{\"@id\":\"https:\/\/tw.cm.upt.ro\/d7\/2019\/12\/10\/barcelona-orasul-mereu-tanar\/\"},\"author\":{\"name\":\"d7\",\"@id\":\"https:\/\/tw.cm.upt.ro\/d7\/#\/schema\/person\/e442329f7324a2a0e61bc176eb84e5b2\"},\"headline\":\"Barcelona, ora\u0219ul mereu t\u00e2n\u0103r\",\"datePublished\":\"2019-12-10T18:07:18+00:00\",\"dateModified\":\"2019-12-16T21:22:07+00:00\",\"mainEntityOfPage\":{\"@id\":\"https:\/\/tw.cm.upt.ro\/d7\/2019\/12\/10\/barcelona-orasul-mereu-tanar\/\"},\"wordCount\":543,\"commentCount\":0,\"image\":{\"@id\":\"https:\/\/tw.cm.upt.ro\/d7\/2019\/12\/10\/barcelona-orasul-mereu-tanar\/#primaryimage\"},\"thumbnailUrl\":\"https:\/\/tw.cm.upt.ro\/d7\/wp-content\/uploads\/sites\/147\/2019\/12\/img_5540.jpg\",\"keywords\":[\"barcelona\"],\"articleSection\":[\"Traveling\"],\"inLanguage\":\"ro-RO\",\"potentialAction\":[{\"@type\":\"CommentAction\",\"name\":\"Comment\",\"target\":[\"https:\/\/tw.cm.upt.ro\/d7\/2019\/12\/10\/barcelona-orasul-mereu-tanar\/#respond\"]}]},{\"@type\":\"WebPage\",\"@id\":\"https:\/\/tw.cm.upt.ro\/d7\/2019\/12\/10\/barcelona-orasul-mereu-tanar\/\",\"url\":\"https:\/\/tw.cm.upt.ro\/d7\/2019\/12\/10\/barcelona-orasul-mereu-tanar\/\",\"name\":\"Barcelona, ora\u0219ul mereu t\u00e2n\u0103r - Lorena Jaqueline\",\"isPartOf\":{\"@id\":\"https:\/\/tw.cm.upt.ro\/d7\/#website\"},\"primaryImageOfPage\":{\"@id\":\"https:\/\/tw.cm.upt.ro\/d7\/2019\/12\/10\/barcelona-orasul-mereu-tanar\/#primaryimage\"},\"image\":{\"@id\":\"https:\/\/tw.cm.upt.ro\/d7\/2019\/12\/10\/barcelona-orasul-mereu-tanar\/#primaryimage\"},\"thumbnailUrl\":\"https:\/\/tw.cm.upt.ro\/d7\/wp-content\/uploads\/sites\/147\/2019\/12\/img_5540.jpg\",\"datePublished\":\"2019-12-10T18:07:18+00:00\",\"dateModified\":\"2019-12-16T21:22:07+00:00\",\"author\":{\"@id\":\"https:\/\/tw.cm.upt.ro\/d7\/#\/schema\/person\/e442329f7324a2a0e61bc176eb84e5b2\"},\"breadcrumb\":{\"@id\":\"https:\/\/tw.cm.upt.ro\/d7\/2019\/12\/10\/barcelona-orasul-mereu-tanar\/#breadcrumb\"},\"inLanguage\":\"ro-RO\",\"potentialAction\":[{\"@type\":\"ReadAction\",\"target\":[\"https:\/\/tw.cm.upt.ro\/d7\/2019\/12\/10\/barcelona-orasul-mereu-tanar\/\"]}]},{\"@type\":\"ImageObject\",\"inLanguage\":\"ro-RO\",\"@id\":\"https:\/\/tw.cm.upt.ro\/d7\/2019\/12\/10\/barcelona-orasul-mereu-tanar\/#primaryimage\",\"url\":\"https:\/\/tw.cm.upt.ro\/d7\/wp-content\/uploads\/sites\/147\/2019\/12\/img_5540.jpg\",\"contentUrl\":\"https:\/\/tw.cm.upt.ro\/d7\/wp-content\/uploads\/sites\/147\/2019\/12\/img_5540.jpg\",\"width\":676,\"height\":507},{\"@type\":\"BreadcrumbList\",\"@id\":\"https:\/\/tw.cm.upt.ro\/d7\/2019\/12\/10\/barcelona-orasul-mereu-tanar\/#breadcrumb\",\"itemListElement\":[{\"@type\":\"ListItem\",\"position\":1,\"name\":\"Home\",\"item\":\"https:\/\/tw.cm.upt.ro\/d7\/\"},{\"@type\":\"ListItem\",\"position\":2,\"name\":\"Barcelona, ora\u0219ul mereu t\u00e2n\u0103r\"}]},{\"@type\":\"WebSite\",\"@id\":\"https:\/\/tw.cm.upt.ro\/d7\/#website\",\"url\":\"https:\/\/tw.cm.upt.ro\/d7\/\",\"name\":\"Lorena Jaqueline\",\"description\":\"Travel Blog\",\"potentialAction\":[{\"@type\":\"SearchAction\",\"target\":{\"@type\":\"EntryPoint\",\"urlTemplate\":\"https:\/\/tw.cm.upt.ro\/d7\/?s={search_term_string}\"},\"query-input\":{\"@type\":\"PropertyValueSpecification\",\"valueRequired\":true,\"valueName\":\"search_term_string\"}}],\"inLanguage\":\"ro-RO\"},{\"@type\":\"Person\",\"@id\":\"https:\/\/tw.cm.upt.ro\/d7\/#\/schema\/person\/e442329f7324a2a0e61bc176eb84e5b2\",\"name\":\"d7\",\"image\":{\"@type\":\"ImageObject\",\"inLanguage\":\"ro-RO\",\"@id\":\"https:\/\/tw.cm.upt.ro\/d7\/#\/schema\/person\/image\/\",\"url\":\"https:\/\/secure.gravatar.com\/avatar\/b68de285cda8f4ce29d084dfee23603d31de75069f53dee80f85ceded76cd997?s=96&d=mm&r=g\",\"contentUrl\":\"https:\/\/secure.gravatar.com\/avatar\/b68de285cda8f4ce29d084dfee23603d31de75069f53dee80f85ceded76cd997?s=96&d=mm&r=g\",\"caption\":\"d7\"},\"url\":\"https:\/\/tw.cm.upt.ro\/d7\/author\/d7\/\"}]}<\/script>\n<!-- \/ Yoast SEO plugin. -->","yoast_head_json":{"title":"Barcelona, ora\u0219ul mereu t\u00e2n\u0103r - Lorena Jaqueline","robots":{"index":"index","follow":"follow","max-snippet":"max-snippet:-1","max-image-preview":"max-image-preview:large","max-video-preview":"max-video-preview:-1"},"canonical":"https:\/\/tw.cm.upt.ro\/d7\/2019\/12\/10\/barcelona-orasul-mereu-tanar\/","og_locale":"ro_RO","og_type":"article","og_title":"Barcelona, ora\u0219ul mereu t\u00e2n\u0103r - Lorena Jaqueline","og_description":"\u00cen vara anului 2017 vizitat Barcelona \u00eempreun\u0103 cu prietenul meu.Timp de cinci zile ne-am bucurat de o vreme perfect\u0103, oameni prieteno\u0219i, m\u00e2ncare bun\u0103, pe scurt, un ora\u0219 minunat.Am avut ocazia s\u0103 ne plimb\u0103m pe La Rambla, s\u0103 ajungem din \u00eent\u00e2mplare \u00een Cartierul Gothic, s\u0103 ne cump\u0103r\u0103m fructe proaspete din marea pia\u021b\u0103 La Boqueria, s\u0103 cunoa\u0219tem frumoasa Barcelona.G\u0103zdui\u021bi am fost de veri\u0219oara mea, undeva foarte aproape de Arenas de Barcelona. Cum am f\u0103cut de acas\u0103 o list\u0103 cu ce vrem s\u0103 vizit\u0103m, \u00een prima zi am fost la F\u00e2nt\u00e2na Magic\u0103 Montjuic \u0219i dup\u0103 la Castelul Montjuic, o fort\u0103reat\u0103 militar\u0103 cu r\u0103d\u0103cini ce dateaz\u0103 din 1640. 1 Castelul fiind \u00een v\u00e2rful dealului Montjuic, am hot\u0103r\u00e2t s\u0103 cobor\u00e2m cu telecabina deoarece eram foarte obosi\u021bi de la urcarea pe jos. De l\u00e2ng\u0103 castel se ia telecabina c\u00e2teva sta\u021bii, cu o vedere de nedescris. \u00cen cea de-a doua zi, am fost pe la mall-ul MareMagnum, iar dup\u0103 la Acvariul din Barcelona care era exact l\u00e2ng\u0103 mall. Apoi, ne-am plimbat p\u00e2n\u0103 am ajuns la Arcul de Triumf \u0219i am vizitat \u0219i parcul Ciutadella unde erau foarte mul\u021bi tineri care \u00ee\u0219i desf\u0103\u0219urau hobby-urile: yoga, arte mar\u021biale, gimnastic\u0103, sau pur \u0219i simplu se relaxau. A treia zi a fost un pic mai lung\u0103, am mers pe La Rambla, unde era foarte aglomerat dar toate magazinele de pe strad\u0103 te f\u0103ceau s\u0103 ui\u021bi de oboseal\u0103 \u0219i agita\u021bie. Barcelona este un ora\u0219 unde foarte mul\u021bi tineri practic\u0103 sport. Majoritatea \u00een loc s\u0103 foloseasc\u0103 metroul, se deplaseaz\u0103 cu skate-ul sau bicicleta. Pentru c\u0103 eu \u0219i prietenul meu doream s\u0103 vedem un astfel de loc, unde tinerii se str\u00e2ng \u0219i se dau pe skate, veri\u0219oara mea mi-a spus s\u0103 vizit\u0103m Macba. Bine\u00een\u021beles c\u0103 am ajuns \u0219i la Park Guell, unde aveam rezervare de la ora 15:00. Parcul a fost construit \u00eentre 1900 \u0219i 1914, dar oficial este un parc public din 1926. Am r\u0103mas&nbsp; impresiona\u021bi de gr\u0103dinile parcului \u0219i de operele lui Antoni Gaud\u00ed. \u00cen cea de-a cincea zi, am fost s\u0103 vizit\u0103m Sagrada Familia, alt\u0103 oper\u0103 magnific\u0103 a lui Gaudi. Nu am g\u0103sit bilete de intrare \u00een acel moment, a\u0219a c\u0103 am rezervat pentru ultima zi vizitarea ei interioar\u0103. \u00cen drum spre Sagrada am trecut \u0219i pe l\u00e2ng\u0103 Casa Mila, ultima lucrare proiectat\u0103 de arhitect. \u00cen drum spre cas\u0103 am ajuns \u0219i pe La Barceloneta, ne-am plimbat pe plaj\u0103, am admirat apusul, iar dup\u0103, am \u00eencercat la una din terasele din zon\u0103 m\u00e2ncarea specific\u0103: Paella. Ultima zi a fost una mai special\u0103, am luat trenul de diminea\u021b\u0103 p\u00e2n\u0103 pe plaja de la Castelldefels. Marea \u00een fa\u021b\u0103, mun\u021bii \u00een spate. Dup\u0103 ce ne-am bucurat de soare \u0219i mare, am plecat spre cas\u0103 ca apoi s\u0103 mergem s\u0103 vizit\u0103m interiorul basilicii Sagrada Familia. Barcelona a fost superb\u0103, plin\u0103 de tineri, oameni interesan\u021bi, un ora\u0219 care niciodat\u0103 nu doarme. De\u0219i am vizitat aproape toate atrac\u021biile turistice importante, nu ne-am putut s\u0103tura de atmosfera \u0219i de frumuse\u021bea ora\u0219ului.","og_url":"https:\/\/tw.cm.upt.ro\/d7\/2019\/12\/10\/barcelona-orasul-mereu-tanar\/","og_site_name":"Lorena Jaqueline","article_published_time":"2019-12-10T18:07:18+00:00","article_modified_time":"2019-12-16T21:22:07+00:00","og_image":[{"width":676,"height":507,"url":"https:\/\/tw.cm.upt.ro\/d7\/wp-content\/uploads\/sites\/147\/2019\/12\/img_5540.jpg","type":"image\/jpeg"}],"author":"d7","twitter_card":"summary_large_image","twitter_misc":{"Written by":"d7","Est. reading time":"3 minutes"},"schema":{"@context":"https:\/\/schema.org","@graph":[{"@type":"Article","@id":"https:\/\/tw.cm.upt.ro\/d7\/2019\/12\/10\/barcelona-orasul-mereu-tanar\/#article","isPartOf":{"@id":"https:\/\/tw.cm.upt.ro\/d7\/2019\/12\/10\/barcelona-orasul-mereu-tanar\/"},"author":{"name":"d7","@id":"https:\/\/tw.cm.upt.ro\/d7\/#\/schema\/person\/e442329f7324a2a0e61bc176eb84e5b2"},"headline":"Barcelona, ora\u0219ul mereu t\u00e2n\u0103r","datePublished":"2019-12-10T18:07:18+00:00","dateModified":"2019-12-16T21:22:07+00:00","mainEntityOfPage":{"@id":"https:\/\/tw.cm.upt.ro\/d7\/2019\/12\/10\/barcelona-orasul-mereu-tanar\/"},"wordCount":543,"commentCount":0,"image":{"@id":"https:\/\/tw.cm.upt.ro\/d7\/2019\/12\/10\/barcelona-orasul-mereu-tanar\/#primaryimage"},"thumbnailUrl":"https:\/\/tw.cm.upt.ro\/d7\/wp-content\/uploads\/sites\/147\/2019\/12\/img_5540.jpg","keywords":["barcelona"],"articleSection":["Traveling"],"inLanguage":"ro-RO","potentialAction":[{"@type":"CommentAction","name":"Comment","target":["https:\/\/tw.cm.upt.ro\/d7\/2019\/12\/10\/barcelona-orasul-mereu-tanar\/#respond"]}]},{"@type":"WebPage","@id":"https:\/\/tw.cm.upt.ro\/d7\/2019\/12\/10\/barcelona-orasul-mereu-tanar\/","url":"https:\/\/tw.cm.upt.ro\/d7\/2019\/12\/10\/barcelona-orasul-mereu-tanar\/","name":"Barcelona, ora\u0219ul mereu t\u00e2n\u0103r - Lorena Jaqueline","isPartOf":{"@id":"https:\/\/tw.cm.upt.ro\/d7\/#website"},"primaryImageOfPage":{"@id":"https:\/\/tw.cm.upt.ro\/d7\/2019\/12\/10\/barcelona-orasul-mereu-tanar\/#primaryimage"},"image":{"@id":"https:\/\/tw.cm.upt.ro\/d7\/2019\/12\/10\/barcelona-orasul-mereu-tanar\/#primaryimage"},"thumbnailUrl":"https:\/\/tw.cm.upt.ro\/d7\/wp-content\/uploads\/sites\/147\/2019\/12\/img_5540.jpg","datePublished":"2019-12-10T18:07:18+00:00","dateModified":"2019-12-16T21:22:07+00:00","author":{"@id":"https:\/\/tw.cm.upt.ro\/d7\/#\/schema\/person\/e442329f7324a2a0e61bc176eb84e5b2"},"breadcrumb":{"@id":"https:\/\/tw.cm.upt.ro\/d7\/2019\/12\/10\/barcelona-orasul-mereu-tanar\/#breadcrumb"},"inLanguage":"ro-RO","potentialAction":[{"@type":"ReadAction","target":["https:\/\/tw.cm.upt.ro\/d7\/2019\/12\/10\/barcelona-orasul-mereu-tanar\/"]}]},{"@type":"ImageObject","inLanguage":"ro-RO","@id":"https:\/\/tw.cm.upt.ro\/d7\/2019\/12\/10\/barcelona-orasul-mereu-tanar\/#primaryimage","url":"https:\/\/tw.cm.upt.ro\/d7\/wp-content\/uploads\/sites\/147\/2019\/12\/img_5540.jpg","contentUrl":"https:\/\/tw.cm.upt.ro\/d7\/wp-content\/uploads\/sites\/147\/2019\/12\/img_5540.jpg","width":676,"height":507},{"@type":"BreadcrumbList","@id":"https:\/\/tw.cm.upt.ro\/d7\/2019\/12\/10\/barcelona-orasul-mereu-tanar\/#breadcrumb","itemListElement":[{"@type":"ListItem","position":1,"name":"Home","item":"https:\/\/tw.cm.upt.ro\/d7\/"},{"@type":"ListItem","position":2,"name":"Barcelona, ora\u0219ul mereu t\u00e2n\u0103r"}]},{"@type":"WebSite","@id":"https:\/\/tw.cm.upt.ro\/d7\/#website","url":"https:\/\/tw.cm.upt.ro\/d7\/","name":"Lorena Jaqueline","description":"Travel Blog","potentialAction":[{"@type":"SearchAction","target":{"@type":"EntryPoint","urlTemplate":"https:\/\/tw.cm.upt.ro\/d7\/?s={search_term_string}"},"query-input":{"@type":"PropertyValueSpecification","valueRequired":true,"valueName":"search_term_string"}}],"inLanguage":"ro-RO"},{"@type":"Person","@id":"https:\/\/tw.cm.upt.ro\/d7\/#\/schema\/person\/e442329f7324a2a0e61bc176eb84e5b2","name":"d7","image":{"@type":"ImageObject","inLanguage":"ro-RO","@id":"https:\/\/tw.cm.upt.ro\/d7\/#\/schema\/person\/image\/","url":"https:\/\/secure.gravatar.com\/avatar\/b68de285cda8f4ce29d084dfee23603d31de75069f53dee80f85ceded76cd997?s=96&d=mm&r=g","contentUrl":"https:\/\/secure.gravatar.com\/avatar\/b68de285cda8f4ce29d084dfee23603d31de75069f53dee80f85ceded76cd997?s=96&d=mm&r=g","caption":"d7"},"url":"https:\/\/tw.cm.upt.ro\/d7\/author\/d7\/"}]}},"jetpack_featured_media_url":"https:\/\/tw.cm.upt.ro\/d7\/wp-content\/uploads\/sites\/147\/2019\/12\/img_5540.jpg","_links":{"self":[{"href":"https:\/\/tw.cm.upt.ro\/d7\/wp-json\/wp\/v2\/posts\/26","targetHints":{"allow":["GET"]}}],"collection":[{"href":"https:\/\/tw.cm.upt.ro\/d7\/wp-json\/wp\/v2\/posts"}],"about":[{"href":"https:\/\/tw.cm.upt.ro\/d7\/wp-json\/wp\/v2\/types\/post"}],"author":[{"embeddable":true,"href":"https:\/\/tw.cm.upt.ro\/d7\/wp-json\/wp\/v2\/users\/142"}],"replies":[{"embeddable":true,"href":"https:\/\/tw.cm.upt.ro\/d7\/wp-json\/wp\/v2\/comments?post=26"}],"version-history":[{"count":3,"href":"https:\/\/tw.cm.upt.ro\/d7\/wp-json\/wp\/v2\/posts\/26\/revisions"}],"predecessor-version":[{"id":174,"href":"https:\/\/tw.cm.upt.ro\/d7\/wp-json\/wp\/v2\/posts\/26\/revisions\/174"}],"wp:featuredmedia":[{"embeddable":true,"href":"https:\/\/tw.cm.upt.ro\/d7\/wp-json\/wp\/v2\/media\/140"}],"wp:attachment":[{"href":"https:\/\/tw.cm.upt.ro\/d7\/wp-json\/wp\/v2\/media?parent=26"}],"wp:term":[{"taxonomy":"category","embeddable":true,"href":"https:\/\/tw.cm.upt.ro\/d7\/wp-json\/wp\/v2\/categories?post=26"},{"taxonomy":"post_tag","embeddable":true,"href":"https:\/\/tw.cm.upt.ro\/d7\/wp-json\/wp\/v2\/tags?post=26"}],"curies":[{"name":"wp","href":"https:\/\/api.w.org\/{rel}","templated":true}]}}