{"id":37,"date":"2019-12-10T18:18:29","date_gmt":"2019-12-10T18:18:29","guid":{"rendered":"http:\/\/tw.cm.upt.ro\/d7\/?p=37"},"modified":"2020-01-08T18:45:52","modified_gmt":"2020-01-08T18:45:52","slug":"magicul-mont-saint-michel","status":"publish","type":"post","link":"https:\/\/tw.cm.upt.ro\/d7\/2019\/12\/10\/magicul-mont-saint-michel\/","title":{"rendered":"Magicul Mont Saint-Michel"},"content":{"rendered":"<div id=\"fb-root\"><\/div>\n\n<p> Prima oar\u0103 c\u00e2nd am \u201dauzit\u201d de Mont Saint-Michel a fost acum mai bine de 10 ani. <\/p>\n\n\n\n<p>Urm\u0103ream un film horror \u00een care ac\u021biunea se desf\u0103\u0219ura \u00eentr-un castel sumbru \u00een care \u00een diferite momente ale zilei, ajungeai la el ori merg\u00e2nd pe jos, ori cu barca. Cam at\u00e2t \u0219tiam despre el atunci.  <\/p>\n\n\n\n<figure class=\"wp-block-image\"><img decoding=\"async\" src=\"https:\/\/scontent.ftsr1-2.fna.fbcdn.net\/v\/t1.0-9\/69144782_3115316195176021_6492032725069856768_n.jpg?_nc_cat=103&amp;_nc_ohc=D0hbNYVy-acAQndpbO29ZDW4blVbxcn3BoaC6JwnVLTspvYCtoD2L1hrA&amp;_nc_ht=scontent.ftsr1-2.fna&amp;oh=916a7877545289f2c381bef9e3a7cd2f&amp;oe=5E85B929\" alt=\"Image may contain: sky, cloud and outdoor\" \/><\/figure>\n\n\n\n<p>Zece ani mai t\u00e2rziu s-a \u00eent\u00e2mplat s\u0103 ajung la misteriosul loc: Mont Saint-Michel, insula st\u00e2ncoas\u0103 din Normandia.  <\/p>\n\n\n\n<p>Mont Saint-Michel este cunoscut nu doar pentru fenomenul de flux \u0219i reflux al apei, ci \u0219i pentru faptul c\u0103 pe aceast\u0103 insul\u0103 locuiesc doar 50 de oameni, de\u0219i insula este vizitat\u0103 de peste 3.000.000 de vizitatori pe an. <\/p>\n\n\n\n<p>De\u0219i la prima impresie este destul de greu s\u0103 ajungi \u00een acest loc magic, plin de istorie, noi am reu\u0219it s\u0103 ajungem cu ma\u0219ina personal\u0103 \u0219i cu autobuzul special care te las\u0103 acolo.<\/p>\n\n\n\n<figure class=\"wp-block-image\"><img decoding=\"async\" src=\"https:\/\/scontent.ftsr1-2.fna.fbcdn.net\/v\/t1.0-9\/68679593_3114761491898158_5138416164749180928_n.jpg?_nc_cat=105&amp;_nc_ohc=wcQjdTV92nkAQk9pHShoZhyG7bcB76eygSQjLQhk0IEk1986VOArXcyQw&amp;_nc_ht=scontent.ftsr1-2.fna&amp;oh=1b8f7706986481123484ad719f244d14&amp;oe=5E78D0DE\" alt=\"Image may contain: sky, ocean and outdoor\" \/><\/figure>\n\n\n\n<figure class=\"wp-block-image\"><img decoding=\"async\" src=\"https:\/\/scontent.ftsr1-2.fna.fbcdn.net\/v\/t1.0-9\/68407266_3114761465231494_7501883079431028736_n.jpg?_nc_cat=103&amp;_nc_ohc=CJJZGvE8fVAAQmf6tITKMNTCPuekzqBxqIQROFD6NkmHJ07H4iiCEzvbQ&amp;_nc_ht=scontent.ftsr1-2.fna&amp;oh=f0c45fe818db6e3cabafa92c1a29d688&amp;oe=5E6D98ED\" alt=\"Image may contain: 2 people, including Lorena Jaqueline, people smiling, people standing, sky, ocean and outdoor\" \/><\/figure>\n\n\n\n<figure class=\"wp-block-embed-youtube wp-block-embed is-type-video is-provider-youtube wp-embed-aspect-16-9 wp-has-aspect-ratio\"><div class=\"wp-block-embed__wrapper\">\n<iframe title=\"The Magical Mont-Saint-Michel: an Island once more at high tide\" width=\"960\" height=\"540\" src=\"https:\/\/www.youtube.com\/embed\/znNMDaq5TtE?feature=oembed\" frameborder=\"0\" allow=\"accelerometer; autoplay; encrypted-media; gyroscope; picture-in-picture\" allowfullscreen><\/iframe>\n<\/div><\/figure>\n","protected":false},"excerpt":{"rendered":"<p>Prima oar\u0103 c\u00e2nd am \u201dauzit\u201d de Mont Saint-Michel a fost acum mai bine de 10 ani. Urm\u0103ream un film horror \u00een care ac\u021biunea se desf\u0103\u0219ura \u00eentr-un castel sumbru \u00een care \u00een diferite momente ale zilei, ajungeai la el ori merg\u00e2nd pe jos, ori cu barca. Cam at\u00e2t \u0219tiam despre el atunci. Zece ani mai t\u00e2rziu s-a \u00eent\u00e2mplat s\u0103 ajung la misteriosul loc: Mont Saint-Michel, insula st\u00e2ncoas\u0103 din Normandia. Mont Saint-Michel este cunoscut nu doar pentru fenomenul de flux \u0219i reflux al apei, ci \u0219i pentru faptul c\u0103 pe aceast\u0103 insul\u0103 locuiesc doar 50 de oameni, de\u0219i insula este vizitat\u0103 de peste 3.000.000 de vizitatori pe an. De\u0219i la prima impresie este destul de greu s\u0103 ajungi \u00een acest loc magic, plin de istorie, noi am reu\u0219it s\u0103 ajungem cu ma\u0219ina personal\u0103 \u0219i cu autobuzul special care te las\u0103 acolo.<\/p>\n","protected":false},"author":142,"featured_media":134,"comment_status":"open","ping_status":"open","sticky":false,"template":"","format":"standard","meta":{"wprm-recipe-roundup-name":"","wprm-recipe-roundup-description":"","ngg_post_thumbnail":0,"footnotes":""},"categories":[3],"tags":[6,7],"class_list":["post-37","post","type-post","status-publish","format-standard","has-post-thumbnail","hentry","category-traveling","tag-france","tag-holiday"],"yoast_head":"<!-- This site is optimized with the Yoast SEO plugin v27.1.1 - https:\/\/yoast.com\/product\/yoast-seo-wordpress\/ -->\n<title>Magicul Mont Saint-Michel - Lorena Jaqueline<\/title>\n<meta name=\"robots\" content=\"index, follow, max-snippet:-1, max-image-preview:large, max-video-preview:-1\" \/>\n<link rel=\"canonical\" href=\"https:\/\/tw.cm.upt.ro\/d7\/2019\/12\/10\/magicul-mont-saint-michel\/\" \/>\n<meta property=\"og:locale\" content=\"en_US\" \/>\n<meta property=\"og:type\" content=\"article\" \/>\n<meta property=\"og:title\" content=\"Magicul Mont Saint-Michel - Lorena Jaqueline\" \/>\n<meta property=\"og:description\" content=\"Prima oar\u0103 c\u00e2nd am \u201dauzit\u201d de Mont Saint-Michel a fost acum mai bine de 10 ani. Urm\u0103ream un film horror \u00een care ac\u021biunea se desf\u0103\u0219ura \u00eentr-un castel sumbru \u00een care \u00een diferite momente ale zilei, ajungeai la el ori merg\u00e2nd pe jos, ori cu barca. Cam at\u00e2t \u0219tiam despre el atunci. Zece ani mai t\u00e2rziu s-a \u00eent\u00e2mplat s\u0103 ajung la misteriosul loc: Mont Saint-Michel, insula st\u00e2ncoas\u0103 din Normandia. Mont Saint-Michel este cunoscut nu doar pentru fenomenul de flux \u0219i reflux al apei, ci \u0219i pentru faptul c\u0103 pe aceast\u0103 insul\u0103 locuiesc doar 50 de oameni, de\u0219i insula este vizitat\u0103 de peste 3.000.000 de vizitatori pe an. De\u0219i la prima impresie este destul de greu s\u0103 ajungi \u00een acest loc magic, plin de istorie, noi am reu\u0219it s\u0103 ajungem cu ma\u0219ina personal\u0103 \u0219i cu autobuzul special care te las\u0103 acolo.\" \/>\n<meta property=\"og:url\" content=\"https:\/\/tw.cm.upt.ro\/d7\/2019\/12\/10\/magicul-mont-saint-michel\/\" \/>\n<meta property=\"og:site_name\" content=\"Lorena Jaqueline\" \/>\n<meta property=\"article:published_time\" content=\"2019-12-10T18:18:29+00:00\" \/>\n<meta property=\"article:modified_time\" content=\"2020-01-08T18:45:52+00:00\" \/>\n<meta property=\"og:image\" content=\"https:\/\/tw.cm.upt.ro\/d7\/wp-content\/uploads\/sites\/147\/2019\/12\/69144782_3115316195176021_6492032725069856768_n.jpg\" \/>\n\t<meta property=\"og:image:width\" content=\"960\" \/>\n\t<meta property=\"og:image:height\" content=\"764\" \/>\n\t<meta property=\"og:image:type\" content=\"image\/jpeg\" \/>\n<meta name=\"author\" content=\"d7\" \/>\n<meta name=\"twitter:card\" content=\"summary_large_image\" \/>\n<meta name=\"twitter:label1\" content=\"Written by\" \/>\n\t<meta name=\"twitter:data1\" content=\"d7\" \/>\n\t<meta name=\"twitter:label2\" content=\"Est. reading time\" \/>\n\t<meta name=\"twitter:data2\" content=\"1 minute\" \/>\n<script type=\"application\/ld+json\" class=\"yoast-schema-graph\">{\"@context\":\"https:\/\/schema.org\",\"@graph\":[{\"@type\":\"Article\",\"@id\":\"https:\/\/tw.cm.upt.ro\/d7\/2019\/12\/10\/magicul-mont-saint-michel\/#article\",\"isPartOf\":{\"@id\":\"https:\/\/tw.cm.upt.ro\/d7\/2019\/12\/10\/magicul-mont-saint-michel\/\"},\"author\":{\"name\":\"d7\",\"@id\":\"https:\/\/tw.cm.upt.ro\/d7\/#\/schema\/person\/e442329f7324a2a0e61bc176eb84e5b2\"},\"headline\":\"Magicul Mont Saint-Michel\",\"datePublished\":\"2019-12-10T18:18:29+00:00\",\"dateModified\":\"2020-01-08T18:45:52+00:00\",\"mainEntityOfPage\":{\"@id\":\"https:\/\/tw.cm.upt.ro\/d7\/2019\/12\/10\/magicul-mont-saint-michel\/\"},\"wordCount\":160,\"commentCount\":0,\"image\":{\"@id\":\"https:\/\/tw.cm.upt.ro\/d7\/2019\/12\/10\/magicul-mont-saint-michel\/#primaryimage\"},\"thumbnailUrl\":\"https:\/\/tw.cm.upt.ro\/d7\/wp-content\/uploads\/sites\/147\/2019\/12\/69144782_3115316195176021_6492032725069856768_n.jpg\",\"keywords\":[\"france\",\"holiday\"],\"articleSection\":[\"Traveling\"],\"inLanguage\":\"en-US\",\"potentialAction\":[{\"@type\":\"CommentAction\",\"name\":\"Comment\",\"target\":[\"https:\/\/tw.cm.upt.ro\/d7\/2019\/12\/10\/magicul-mont-saint-michel\/#respond\"]}]},{\"@type\":\"WebPage\",\"@id\":\"https:\/\/tw.cm.upt.ro\/d7\/2019\/12\/10\/magicul-mont-saint-michel\/\",\"url\":\"https:\/\/tw.cm.upt.ro\/d7\/2019\/12\/10\/magicul-mont-saint-michel\/\",\"name\":\"Magicul Mont Saint-Michel - Lorena Jaqueline\",\"isPartOf\":{\"@id\":\"https:\/\/tw.cm.upt.ro\/d7\/#website\"},\"primaryImageOfPage\":{\"@id\":\"https:\/\/tw.cm.upt.ro\/d7\/2019\/12\/10\/magicul-mont-saint-michel\/#primaryimage\"},\"image\":{\"@id\":\"https:\/\/tw.cm.upt.ro\/d7\/2019\/12\/10\/magicul-mont-saint-michel\/#primaryimage\"},\"thumbnailUrl\":\"https:\/\/tw.cm.upt.ro\/d7\/wp-content\/uploads\/sites\/147\/2019\/12\/69144782_3115316195176021_6492032725069856768_n.jpg\",\"datePublished\":\"2019-12-10T18:18:29+00:00\",\"dateModified\":\"2020-01-08T18:45:52+00:00\",\"author\":{\"@id\":\"https:\/\/tw.cm.upt.ro\/d7\/#\/schema\/person\/e442329f7324a2a0e61bc176eb84e5b2\"},\"breadcrumb\":{\"@id\":\"https:\/\/tw.cm.upt.ro\/d7\/2019\/12\/10\/magicul-mont-saint-michel\/#breadcrumb\"},\"inLanguage\":\"en-US\",\"potentialAction\":[{\"@type\":\"ReadAction\",\"target\":[\"https:\/\/tw.cm.upt.ro\/d7\/2019\/12\/10\/magicul-mont-saint-michel\/\"]}]},{\"@type\":\"ImageObject\",\"inLanguage\":\"en-US\",\"@id\":\"https:\/\/tw.cm.upt.ro\/d7\/2019\/12\/10\/magicul-mont-saint-michel\/#primaryimage\",\"url\":\"https:\/\/tw.cm.upt.ro\/d7\/wp-content\/uploads\/sites\/147\/2019\/12\/69144782_3115316195176021_6492032725069856768_n.jpg\",\"contentUrl\":\"https:\/\/tw.cm.upt.ro\/d7\/wp-content\/uploads\/sites\/147\/2019\/12\/69144782_3115316195176021_6492032725069856768_n.jpg\",\"width\":960,\"height\":764},{\"@type\":\"BreadcrumbList\",\"@id\":\"https:\/\/tw.cm.upt.ro\/d7\/2019\/12\/10\/magicul-mont-saint-michel\/#breadcrumb\",\"itemListElement\":[{\"@type\":\"ListItem\",\"position\":1,\"name\":\"Home\",\"item\":\"https:\/\/tw.cm.upt.ro\/d7\/\"},{\"@type\":\"ListItem\",\"position\":2,\"name\":\"Magicul Mont Saint-Michel\"}]},{\"@type\":\"WebSite\",\"@id\":\"https:\/\/tw.cm.upt.ro\/d7\/#website\",\"url\":\"https:\/\/tw.cm.upt.ro\/d7\/\",\"name\":\"Lorena Jaqueline\",\"description\":\"Travel Blog\",\"potentialAction\":[{\"@type\":\"SearchAction\",\"target\":{\"@type\":\"EntryPoint\",\"urlTemplate\":\"https:\/\/tw.cm.upt.ro\/d7\/?s={search_term_string}\"},\"query-input\":{\"@type\":\"PropertyValueSpecification\",\"valueRequired\":true,\"valueName\":\"search_term_string\"}}],\"inLanguage\":\"en-US\"},{\"@type\":\"Person\",\"@id\":\"https:\/\/tw.cm.upt.ro\/d7\/#\/schema\/person\/e442329f7324a2a0e61bc176eb84e5b2\",\"name\":\"d7\",\"image\":{\"@type\":\"ImageObject\",\"inLanguage\":\"en-US\",\"@id\":\"https:\/\/tw.cm.upt.ro\/d7\/#\/schema\/person\/image\/\",\"url\":\"https:\/\/secure.gravatar.com\/avatar\/b68de285cda8f4ce29d084dfee23603d31de75069f53dee80f85ceded76cd997?s=96&d=mm&r=g\",\"contentUrl\":\"https:\/\/secure.gravatar.com\/avatar\/b68de285cda8f4ce29d084dfee23603d31de75069f53dee80f85ceded76cd997?s=96&d=mm&r=g\",\"caption\":\"d7\"},\"url\":\"https:\/\/tw.cm.upt.ro\/d7\/author\/d7\/\"}]}<\/script>\n<!-- \/ Yoast SEO plugin. -->","yoast_head_json":{"title":"Magicul Mont Saint-Michel - Lorena Jaqueline","robots":{"index":"index","follow":"follow","max-snippet":"max-snippet:-1","max-image-preview":"max-image-preview:large","max-video-preview":"max-video-preview:-1"},"canonical":"https:\/\/tw.cm.upt.ro\/d7\/2019\/12\/10\/magicul-mont-saint-michel\/","og_locale":"en_US","og_type":"article","og_title":"Magicul Mont Saint-Michel - Lorena Jaqueline","og_description":"Prima oar\u0103 c\u00e2nd am \u201dauzit\u201d de Mont Saint-Michel a fost acum mai bine de 10 ani. Urm\u0103ream un film horror \u00een care ac\u021biunea se desf\u0103\u0219ura \u00eentr-un castel sumbru \u00een care \u00een diferite momente ale zilei, ajungeai la el ori merg\u00e2nd pe jos, ori cu barca. Cam at\u00e2t \u0219tiam despre el atunci. Zece ani mai t\u00e2rziu s-a \u00eent\u00e2mplat s\u0103 ajung la misteriosul loc: Mont Saint-Michel, insula st\u00e2ncoas\u0103 din Normandia. Mont Saint-Michel este cunoscut nu doar pentru fenomenul de flux \u0219i reflux al apei, ci \u0219i pentru faptul c\u0103 pe aceast\u0103 insul\u0103 locuiesc doar 50 de oameni, de\u0219i insula este vizitat\u0103 de peste 3.000.000 de vizitatori pe an. De\u0219i la prima impresie este destul de greu s\u0103 ajungi \u00een acest loc magic, plin de istorie, noi am reu\u0219it s\u0103 ajungem cu ma\u0219ina personal\u0103 \u0219i cu autobuzul special care te las\u0103 acolo.","og_url":"https:\/\/tw.cm.upt.ro\/d7\/2019\/12\/10\/magicul-mont-saint-michel\/","og_site_name":"Lorena Jaqueline","article_published_time":"2019-12-10T18:18:29+00:00","article_modified_time":"2020-01-08T18:45:52+00:00","og_image":[{"width":960,"height":764,"url":"https:\/\/tw.cm.upt.ro\/d7\/wp-content\/uploads\/sites\/147\/2019\/12\/69144782_3115316195176021_6492032725069856768_n.jpg","type":"image\/jpeg"}],"author":"d7","twitter_card":"summary_large_image","twitter_misc":{"Written by":"d7","Est. reading time":"1 minute"},"schema":{"@context":"https:\/\/schema.org","@graph":[{"@type":"Article","@id":"https:\/\/tw.cm.upt.ro\/d7\/2019\/12\/10\/magicul-mont-saint-michel\/#article","isPartOf":{"@id":"https:\/\/tw.cm.upt.ro\/d7\/2019\/12\/10\/magicul-mont-saint-michel\/"},"author":{"name":"d7","@id":"https:\/\/tw.cm.upt.ro\/d7\/#\/schema\/person\/e442329f7324a2a0e61bc176eb84e5b2"},"headline":"Magicul Mont Saint-Michel","datePublished":"2019-12-10T18:18:29+00:00","dateModified":"2020-01-08T18:45:52+00:00","mainEntityOfPage":{"@id":"https:\/\/tw.cm.upt.ro\/d7\/2019\/12\/10\/magicul-mont-saint-michel\/"},"wordCount":160,"commentCount":0,"image":{"@id":"https:\/\/tw.cm.upt.ro\/d7\/2019\/12\/10\/magicul-mont-saint-michel\/#primaryimage"},"thumbnailUrl":"https:\/\/tw.cm.upt.ro\/d7\/wp-content\/uploads\/sites\/147\/2019\/12\/69144782_3115316195176021_6492032725069856768_n.jpg","keywords":["france","holiday"],"articleSection":["Traveling"],"inLanguage":"en-US","potentialAction":[{"@type":"CommentAction","name":"Comment","target":["https:\/\/tw.cm.upt.ro\/d7\/2019\/12\/10\/magicul-mont-saint-michel\/#respond"]}]},{"@type":"WebPage","@id":"https:\/\/tw.cm.upt.ro\/d7\/2019\/12\/10\/magicul-mont-saint-michel\/","url":"https:\/\/tw.cm.upt.ro\/d7\/2019\/12\/10\/magicul-mont-saint-michel\/","name":"Magicul Mont Saint-Michel - Lorena Jaqueline","isPartOf":{"@id":"https:\/\/tw.cm.upt.ro\/d7\/#website"},"primaryImageOfPage":{"@id":"https:\/\/tw.cm.upt.ro\/d7\/2019\/12\/10\/magicul-mont-saint-michel\/#primaryimage"},"image":{"@id":"https:\/\/tw.cm.upt.ro\/d7\/2019\/12\/10\/magicul-mont-saint-michel\/#primaryimage"},"thumbnailUrl":"https:\/\/tw.cm.upt.ro\/d7\/wp-content\/uploads\/sites\/147\/2019\/12\/69144782_3115316195176021_6492032725069856768_n.jpg","datePublished":"2019-12-10T18:18:29+00:00","dateModified":"2020-01-08T18:45:52+00:00","author":{"@id":"https:\/\/tw.cm.upt.ro\/d7\/#\/schema\/person\/e442329f7324a2a0e61bc176eb84e5b2"},"breadcrumb":{"@id":"https:\/\/tw.cm.upt.ro\/d7\/2019\/12\/10\/magicul-mont-saint-michel\/#breadcrumb"},"inLanguage":"en-US","potentialAction":[{"@type":"ReadAction","target":["https:\/\/tw.cm.upt.ro\/d7\/2019\/12\/10\/magicul-mont-saint-michel\/"]}]},{"@type":"ImageObject","inLanguage":"en-US","@id":"https:\/\/tw.cm.upt.ro\/d7\/2019\/12\/10\/magicul-mont-saint-michel\/#primaryimage","url":"https:\/\/tw.cm.upt.ro\/d7\/wp-content\/uploads\/sites\/147\/2019\/12\/69144782_3115316195176021_6492032725069856768_n.jpg","contentUrl":"https:\/\/tw.cm.upt.ro\/d7\/wp-content\/uploads\/sites\/147\/2019\/12\/69144782_3115316195176021_6492032725069856768_n.jpg","width":960,"height":764},{"@type":"BreadcrumbList","@id":"https:\/\/tw.cm.upt.ro\/d7\/2019\/12\/10\/magicul-mont-saint-michel\/#breadcrumb","itemListElement":[{"@type":"ListItem","position":1,"name":"Home","item":"https:\/\/tw.cm.upt.ro\/d7\/"},{"@type":"ListItem","position":2,"name":"Magicul Mont Saint-Michel"}]},{"@type":"WebSite","@id":"https:\/\/tw.cm.upt.ro\/d7\/#website","url":"https:\/\/tw.cm.upt.ro\/d7\/","name":"Lorena Jaqueline","description":"Travel Blog","potentialAction":[{"@type":"SearchAction","target":{"@type":"EntryPoint","urlTemplate":"https:\/\/tw.cm.upt.ro\/d7\/?s={search_term_string}"},"query-input":{"@type":"PropertyValueSpecification","valueRequired":true,"valueName":"search_term_string"}}],"inLanguage":"en-US"},{"@type":"Person","@id":"https:\/\/tw.cm.upt.ro\/d7\/#\/schema\/person\/e442329f7324a2a0e61bc176eb84e5b2","name":"d7","image":{"@type":"ImageObject","inLanguage":"en-US","@id":"https:\/\/tw.cm.upt.ro\/d7\/#\/schema\/person\/image\/","url":"https:\/\/secure.gravatar.com\/avatar\/b68de285cda8f4ce29d084dfee23603d31de75069f53dee80f85ceded76cd997?s=96&d=mm&r=g","contentUrl":"https:\/\/secure.gravatar.com\/avatar\/b68de285cda8f4ce29d084dfee23603d31de75069f53dee80f85ceded76cd997?s=96&d=mm&r=g","caption":"d7"},"url":"https:\/\/tw.cm.upt.ro\/d7\/author\/d7\/"}]}},"jetpack_featured_media_url":"https:\/\/tw.cm.upt.ro\/d7\/wp-content\/uploads\/sites\/147\/2019\/12\/69144782_3115316195176021_6492032725069856768_n.jpg","_links":{"self":[{"href":"https:\/\/tw.cm.upt.ro\/d7\/wp-json\/wp\/v2\/posts\/37","targetHints":{"allow":["GET"]}}],"collection":[{"href":"https:\/\/tw.cm.upt.ro\/d7\/wp-json\/wp\/v2\/posts"}],"about":[{"href":"https:\/\/tw.cm.upt.ro\/d7\/wp-json\/wp\/v2\/types\/post"}],"author":[{"embeddable":true,"href":"https:\/\/tw.cm.upt.ro\/d7\/wp-json\/wp\/v2\/users\/142"}],"replies":[{"embeddable":true,"href":"https:\/\/tw.cm.upt.ro\/d7\/wp-json\/wp\/v2\/comments?post=37"}],"version-history":[{"count":5,"href":"https:\/\/tw.cm.upt.ro\/d7\/wp-json\/wp\/v2\/posts\/37\/revisions"}],"predecessor-version":[{"id":172,"href":"https:\/\/tw.cm.upt.ro\/d7\/wp-json\/wp\/v2\/posts\/37\/revisions\/172"}],"wp:featuredmedia":[{"embeddable":true,"href":"https:\/\/tw.cm.upt.ro\/d7\/wp-json\/wp\/v2\/media\/134"}],"wp:attachment":[{"href":"https:\/\/tw.cm.upt.ro\/d7\/wp-json\/wp\/v2\/media?parent=37"}],"wp:term":[{"taxonomy":"category","embeddable":true,"href":"https:\/\/tw.cm.upt.ro\/d7\/wp-json\/wp\/v2\/categories?post=37"},{"taxonomy":"post_tag","embeddable":true,"href":"https:\/\/tw.cm.upt.ro\/d7\/wp-json\/wp\/v2\/tags?post=37"}],"curies":[{"name":"wp","href":"https:\/\/api.w.org\/{rel}","templated":true}]}}