{"id":93,"date":"2019-12-16T19:50:17","date_gmt":"2019-12-16T19:50:17","guid":{"rendered":"http:\/\/tw.cm.upt.ro\/d7\/?p=93"},"modified":"2019-12-16T21:12:00","modified_gmt":"2019-12-16T21:12:00","slug":"paris-orasul-luminilor","status":"publish","type":"post","link":"https:\/\/tw.cm.upt.ro\/d7\/2019\/12\/16\/paris-orasul-luminilor\/","title":{"rendered":"Paris, ora\u0219ul luminilor"},"content":{"rendered":"<div id=\"fb-root\"><\/div>\n\n<p>Nimic nu se compar\u0103 cu o plimbare pe str\u0103zile Parisului, cu\no vizit\u0103 la Versailles sau vederea din Turnul Eiffel a \u00eentregului ora\u0219.<\/p>\n\n\n\n<p>Una din poreclele Parisului este \u201eLa Ville-Lumi\u00e8re (\u201eOra\u0219ul Luminilor\u201d) \u2013 porecl\u0103 \u201dc\u00e2\u0219tigat\u0103\u201d \u00een urma educa\u021biei \u0219i al ideilor \u00een epoca iluminismului \u0219i al adopt\u0103rii iluminatului str\u0103zilor.<\/p>\n\n\n\n<p> Am ajuns la Paris \u0219i iarna, \u0219i vara. Orice anotimp ar fi, ora\u0219ul nu \u0219i-a pierdut din farmec. <\/p>\n\n\n\n<div class=\"wp-block-image\"><figure class=\"aligncenter\"><img fetchpriority=\"high\" decoding=\"async\" width=\"1024\" height=\"768\" src=\"http:\/\/tw.cm.upt.ro\/d7\/wp-content\/uploads\/sites\/147\/2019\/12\/79389915_596377984533901_7392972917941731328_n-1024x768.jpg\" alt=\"\" class=\"wp-image-104\" srcset=\"https:\/\/tw.cm.upt.ro\/d7\/wp-content\/uploads\/sites\/147\/2019\/12\/79389915_596377984533901_7392972917941731328_n-1024x768.jpg 1024w, https:\/\/tw.cm.upt.ro\/d7\/wp-content\/uploads\/sites\/147\/2019\/12\/79389915_596377984533901_7392972917941731328_n-300x225.jpg 300w, https:\/\/tw.cm.upt.ro\/d7\/wp-content\/uploads\/sites\/147\/2019\/12\/79389915_596377984533901_7392972917941731328_n-768x576.jpg 768w, https:\/\/tw.cm.upt.ro\/d7\/wp-content\/uploads\/sites\/147\/2019\/12\/79389915_596377984533901_7392972917941731328_n-150x113.jpg 150w, https:\/\/tw.cm.upt.ro\/d7\/wp-content\/uploads\/sites\/147\/2019\/12\/79389915_596377984533901_7392972917941731328_n-600x450.jpg 600w, https:\/\/tw.cm.upt.ro\/d7\/wp-content\/uploads\/sites\/147\/2019\/12\/79389915_596377984533901_7392972917941731328_n-1140x855.jpg 1140w\" sizes=\"(max-width: 1024px) 100vw, 1024px\" \/><figcaption>Turnul Eiffel<\/figcaption><\/figure><\/div>\n\n\n\n<div class=\"wp-block-image\"><figure class=\"aligncenter is-resized\"><img decoding=\"async\" src=\"http:\/\/tw.cm.upt.ro\/d7\/wp-content\/uploads\/sites\/147\/2019\/12\/79327334_2524157137818134_5970740926467801088_n-1024x768.jpg\" alt=\"\" class=\"wp-image-95\" width=\"583\" height=\"437\" srcset=\"https:\/\/tw.cm.upt.ro\/d7\/wp-content\/uploads\/sites\/147\/2019\/12\/79327334_2524157137818134_5970740926467801088_n-1024x768.jpg 1024w, https:\/\/tw.cm.upt.ro\/d7\/wp-content\/uploads\/sites\/147\/2019\/12\/79327334_2524157137818134_5970740926467801088_n-300x225.jpg 300w, https:\/\/tw.cm.upt.ro\/d7\/wp-content\/uploads\/sites\/147\/2019\/12\/79327334_2524157137818134_5970740926467801088_n-768x576.jpg 768w, https:\/\/tw.cm.upt.ro\/d7\/wp-content\/uploads\/sites\/147\/2019\/12\/79327334_2524157137818134_5970740926467801088_n-150x113.jpg 150w, https:\/\/tw.cm.upt.ro\/d7\/wp-content\/uploads\/sites\/147\/2019\/12\/79327334_2524157137818134_5970740926467801088_n-600x450.jpg 600w, https:\/\/tw.cm.upt.ro\/d7\/wp-content\/uploads\/sites\/147\/2019\/12\/79327334_2524157137818134_5970740926467801088_n-1140x855.jpg 1140w\" sizes=\"(max-width: 583px) 100vw, 583px\" \/><figcaption>Palace of Versailles<\/figcaption><\/figure><\/div>\n\n\n\n<div class=\"wp-block-image\"><figure class=\"aligncenter\"><img decoding=\"async\" width=\"894\" height=\"1024\" src=\"http:\/\/tw.cm.upt.ro\/d7\/wp-content\/uploads\/sites\/147\/2019\/12\/74438100_808276812941123_8854060731218264064_n-894x1024.jpg\" alt=\"\" class=\"wp-image-103\" srcset=\"https:\/\/tw.cm.upt.ro\/d7\/wp-content\/uploads\/sites\/147\/2019\/12\/74438100_808276812941123_8854060731218264064_n-894x1024.jpg 894w, https:\/\/tw.cm.upt.ro\/d7\/wp-content\/uploads\/sites\/147\/2019\/12\/74438100_808276812941123_8854060731218264064_n-262x300.jpg 262w, https:\/\/tw.cm.upt.ro\/d7\/wp-content\/uploads\/sites\/147\/2019\/12\/74438100_808276812941123_8854060731218264064_n-768x879.jpg 768w, https:\/\/tw.cm.upt.ro\/d7\/wp-content\/uploads\/sites\/147\/2019\/12\/74438100_808276812941123_8854060731218264064_n-150x172.jpg 150w, https:\/\/tw.cm.upt.ro\/d7\/wp-content\/uploads\/sites\/147\/2019\/12\/74438100_808276812941123_8854060731218264064_n-600x687.jpg 600w, https:\/\/tw.cm.upt.ro\/d7\/wp-content\/uploads\/sites\/147\/2019\/12\/74438100_808276812941123_8854060731218264064_n-1140x1305.jpg 1140w\" sizes=\"(max-width: 894px) 100vw, 894px\" \/><figcaption>Expo Christian Dior<\/figcaption><\/figure><\/div>\n\n\n\n<div class=\"wp-block-image\"><figure class=\"aligncenter\"><img loading=\"lazy\" decoding=\"async\" width=\"1024\" height=\"768\" src=\"http:\/\/tw.cm.upt.ro\/d7\/wp-content\/uploads\/sites\/147\/2019\/12\/79663151_615277985878999_854765686667345920_n-1024x768.jpg\" alt=\"\" class=\"wp-image-105\" srcset=\"https:\/\/tw.cm.upt.ro\/d7\/wp-content\/uploads\/sites\/147\/2019\/12\/79663151_615277985878999_854765686667345920_n-1024x768.jpg 1024w, https:\/\/tw.cm.upt.ro\/d7\/wp-content\/uploads\/sites\/147\/2019\/12\/79663151_615277985878999_854765686667345920_n-300x225.jpg 300w, https:\/\/tw.cm.upt.ro\/d7\/wp-content\/uploads\/sites\/147\/2019\/12\/79663151_615277985878999_854765686667345920_n-768x576.jpg 768w, https:\/\/tw.cm.upt.ro\/d7\/wp-content\/uploads\/sites\/147\/2019\/12\/79663151_615277985878999_854765686667345920_n-150x113.jpg 150w, https:\/\/tw.cm.upt.ro\/d7\/wp-content\/uploads\/sites\/147\/2019\/12\/79663151_615277985878999_854765686667345920_n-600x450.jpg 600w, https:\/\/tw.cm.upt.ro\/d7\/wp-content\/uploads\/sites\/147\/2019\/12\/79663151_615277985878999_854765686667345920_n-1140x855.jpg 1140w\" sizes=\"(max-width: 1024px) 100vw, 1024px\" \/><figcaption>Palais Royal<\/figcaption><\/figure><\/div>\n\n\n\n<div class=\"wp-block-image\"><figure class=\"aligncenter\"><img loading=\"lazy\" decoding=\"async\" width=\"1024\" height=\"768\" src=\"http:\/\/tw.cm.upt.ro\/d7\/wp-content\/uploads\/sites\/147\/2019\/12\/79713930_815319105594342_5989008655033303040_n-1-1024x768.jpg\" alt=\"\" class=\"wp-image-99\" srcset=\"https:\/\/tw.cm.upt.ro\/d7\/wp-content\/uploads\/sites\/147\/2019\/12\/79713930_815319105594342_5989008655033303040_n-1-1024x768.jpg 1024w, https:\/\/tw.cm.upt.ro\/d7\/wp-content\/uploads\/sites\/147\/2019\/12\/79713930_815319105594342_5989008655033303040_n-1-300x225.jpg 300w, https:\/\/tw.cm.upt.ro\/d7\/wp-content\/uploads\/sites\/147\/2019\/12\/79713930_815319105594342_5989008655033303040_n-1-768x576.jpg 768w, https:\/\/tw.cm.upt.ro\/d7\/wp-content\/uploads\/sites\/147\/2019\/12\/79713930_815319105594342_5989008655033303040_n-1-150x113.jpg 150w, https:\/\/tw.cm.upt.ro\/d7\/wp-content\/uploads\/sites\/147\/2019\/12\/79713930_815319105594342_5989008655033303040_n-1-600x450.jpg 600w, https:\/\/tw.cm.upt.ro\/d7\/wp-content\/uploads\/sites\/147\/2019\/12\/79713930_815319105594342_5989008655033303040_n-1-1140x855.jpg 1140w\" sizes=\"(max-width: 1024px) 100vw, 1024px\" \/><figcaption>Palace of Versailles<\/figcaption><\/figure><\/div>\n\n\n\n<div class=\"wp-block-image\"><figure class=\"aligncenter\"><img loading=\"lazy\" decoding=\"async\" width=\"1024\" height=\"473\" src=\"http:\/\/tw.cm.upt.ro\/d7\/wp-content\/uploads\/sites\/147\/2019\/12\/80229262_538160506767348_1167908883180552192_n-1024x473.jpg\" alt=\"\" class=\"wp-image-102\" srcset=\"https:\/\/tw.cm.upt.ro\/d7\/wp-content\/uploads\/sites\/147\/2019\/12\/80229262_538160506767348_1167908883180552192_n-1024x473.jpg 1024w, https:\/\/tw.cm.upt.ro\/d7\/wp-content\/uploads\/sites\/147\/2019\/12\/80229262_538160506767348_1167908883180552192_n-300x139.jpg 300w, https:\/\/tw.cm.upt.ro\/d7\/wp-content\/uploads\/sites\/147\/2019\/12\/80229262_538160506767348_1167908883180552192_n-768x355.jpg 768w, https:\/\/tw.cm.upt.ro\/d7\/wp-content\/uploads\/sites\/147\/2019\/12\/80229262_538160506767348_1167908883180552192_n-150x69.jpg 150w, https:\/\/tw.cm.upt.ro\/d7\/wp-content\/uploads\/sites\/147\/2019\/12\/80229262_538160506767348_1167908883180552192_n-600x277.jpg 600w, https:\/\/tw.cm.upt.ro\/d7\/wp-content\/uploads\/sites\/147\/2019\/12\/80229262_538160506767348_1167908883180552192_n-1140x527.jpg 1140w\" sizes=\"(max-width: 1024px) 100vw, 1024px\" \/><figcaption>Palace of Versailles<\/figcaption><\/figure><\/div>\n\n\n\n<div class=\"wp-block-image\"><figure class=\"aligncenter\"><img loading=\"lazy\" decoding=\"async\" width=\"768\" height=\"1024\" src=\"http:\/\/tw.cm.upt.ro\/d7\/wp-content\/uploads\/sites\/147\/2019\/12\/80013637_2567536073351082_7021196082033983488_n-1-768x1024.jpg\" alt=\"\" class=\"wp-image-100\" srcset=\"https:\/\/tw.cm.upt.ro\/d7\/wp-content\/uploads\/sites\/147\/2019\/12\/80013637_2567536073351082_7021196082033983488_n-1-768x1024.jpg 768w, https:\/\/tw.cm.upt.ro\/d7\/wp-content\/uploads\/sites\/147\/2019\/12\/80013637_2567536073351082_7021196082033983488_n-1-225x300.jpg 225w, https:\/\/tw.cm.upt.ro\/d7\/wp-content\/uploads\/sites\/147\/2019\/12\/80013637_2567536073351082_7021196082033983488_n-1-150x200.jpg 150w, https:\/\/tw.cm.upt.ro\/d7\/wp-content\/uploads\/sites\/147\/2019\/12\/80013637_2567536073351082_7021196082033983488_n-1-600x800.jpg 600w, https:\/\/tw.cm.upt.ro\/d7\/wp-content\/uploads\/sites\/147\/2019\/12\/80013637_2567536073351082_7021196082033983488_n-1-1140x1520.jpg 1140w\" sizes=\"(max-width: 768px) 100vw, 768px\" \/><figcaption>Expom Christian Dior<\/figcaption><\/figure><\/div>\n\n\n\n<div class=\"wp-block-image\"><figure class=\"aligncenter\"><img loading=\"lazy\" decoding=\"async\" width=\"768\" height=\"1024\" src=\"http:\/\/tw.cm.upt.ro\/d7\/wp-content\/uploads\/sites\/147\/2019\/12\/79768254_1451376688343966_7625094807706140672_n-768x1024.jpg\" alt=\"\" class=\"wp-image-97\" srcset=\"https:\/\/tw.cm.upt.ro\/d7\/wp-content\/uploads\/sites\/147\/2019\/12\/79768254_1451376688343966_7625094807706140672_n-768x1024.jpg 768w, https:\/\/tw.cm.upt.ro\/d7\/wp-content\/uploads\/sites\/147\/2019\/12\/79768254_1451376688343966_7625094807706140672_n-225x300.jpg 225w, https:\/\/tw.cm.upt.ro\/d7\/wp-content\/uploads\/sites\/147\/2019\/12\/79768254_1451376688343966_7625094807706140672_n-150x200.jpg 150w, https:\/\/tw.cm.upt.ro\/d7\/wp-content\/uploads\/sites\/147\/2019\/12\/79768254_1451376688343966_7625094807706140672_n-600x800.jpg 600w, https:\/\/tw.cm.upt.ro\/d7\/wp-content\/uploads\/sites\/147\/2019\/12\/79768254_1451376688343966_7625094807706140672_n-1140x1520.jpg 1140w\" sizes=\"(max-width: 768px) 100vw, 768px\" \/><figcaption>Palace of Versailles<\/figcaption><\/figure><\/div>\n\n\n\n<div class=\"wp-block-image\"><figure class=\"aligncenter\"><img loading=\"lazy\" decoding=\"async\" width=\"768\" height=\"1024\" src=\"http:\/\/tw.cm.upt.ro\/d7\/wp-content\/uploads\/sites\/147\/2019\/12\/79503363_1019981671694939_4436812864442859520_n-768x1024.jpg\" alt=\"\" class=\"wp-image-98\" srcset=\"https:\/\/tw.cm.upt.ro\/d7\/wp-content\/uploads\/sites\/147\/2019\/12\/79503363_1019981671694939_4436812864442859520_n-768x1024.jpg 768w, https:\/\/tw.cm.upt.ro\/d7\/wp-content\/uploads\/sites\/147\/2019\/12\/79503363_1019981671694939_4436812864442859520_n-225x300.jpg 225w, https:\/\/tw.cm.upt.ro\/d7\/wp-content\/uploads\/sites\/147\/2019\/12\/79503363_1019981671694939_4436812864442859520_n-150x200.jpg 150w, https:\/\/tw.cm.upt.ro\/d7\/wp-content\/uploads\/sites\/147\/2019\/12\/79503363_1019981671694939_4436812864442859520_n-600x800.jpg 600w, https:\/\/tw.cm.upt.ro\/d7\/wp-content\/uploads\/sites\/147\/2019\/12\/79503363_1019981671694939_4436812864442859520_n-1140x1520.jpg 1140w\" sizes=\"(max-width: 768px) 100vw, 768px\" \/><figcaption>Expo Christian Dior<\/figcaption><\/figure><\/div>\n\n\n\n<div class=\"wp-block-image\"><figure class=\"aligncenter\"><img loading=\"lazy\" decoding=\"async\" width=\"768\" height=\"1024\" src=\"http:\/\/tw.cm.upt.ro\/d7\/wp-content\/uploads\/sites\/147\/2019\/12\/79719737_2492822674295421_871660619130994688_n-768x1024.jpg\" alt=\"\" class=\"wp-image-96\" srcset=\"https:\/\/tw.cm.upt.ro\/d7\/wp-content\/uploads\/sites\/147\/2019\/12\/79719737_2492822674295421_871660619130994688_n-768x1024.jpg 768w, https:\/\/tw.cm.upt.ro\/d7\/wp-content\/uploads\/sites\/147\/2019\/12\/79719737_2492822674295421_871660619130994688_n-225x300.jpg 225w, https:\/\/tw.cm.upt.ro\/d7\/wp-content\/uploads\/sites\/147\/2019\/12\/79719737_2492822674295421_871660619130994688_n-150x200.jpg 150w, https:\/\/tw.cm.upt.ro\/d7\/wp-content\/uploads\/sites\/147\/2019\/12\/79719737_2492822674295421_871660619130994688_n-600x800.jpg 600w, https:\/\/tw.cm.upt.ro\/d7\/wp-content\/uploads\/sites\/147\/2019\/12\/79719737_2492822674295421_871660619130994688_n-1140x1520.jpg 1140w\" sizes=\"(max-width: 768px) 100vw, 768px\" \/><figcaption>Expo Christian Dior<\/figcaption><\/figure><\/div>\n","protected":false},"excerpt":{"rendered":"<p>Nimic nu se compar\u0103 cu o plimbare pe str\u0103zile Parisului, cu o vizit\u0103 la Versailles sau vederea din Turnul Eiffel a \u00eentregului ora\u0219. Una din poreclele Parisului este \u201eLa Ville-Lumi\u00e8re (\u201eOra\u0219ul Luminilor\u201d) \u2013 porecl\u0103 \u201dc\u00e2\u0219tigat\u0103\u201d \u00een urma educa\u021biei \u0219i al ideilor \u00een epoca iluminismului \u0219i al adopt\u0103rii iluminatului str\u0103zilor. Am ajuns la Paris \u0219i iarna, \u0219i vara. Orice anotimp ar fi, ora\u0219ul nu \u0219i-a pierdut din farmec.<\/p>\n","protected":false},"author":142,"featured_media":104,"comment_status":"open","ping_status":"open","sticky":false,"template":"","format":"standard","meta":{"wprm-recipe-roundup-name":"","wprm-recipe-roundup-description":"","ngg_post_thumbnail":0,"footnotes":""},"categories":[3],"tags":[6,22],"class_list":["post-93","post","type-post","status-publish","format-standard","has-post-thumbnail","hentry","category-traveling","tag-france","tag-paris"],"yoast_head":"<!-- This site is optimized with the Yoast SEO plugin v27.1.1 - https:\/\/yoast.com\/product\/yoast-seo-wordpress\/ -->\n<title>Paris, ora\u0219ul luminilor - Lorena Jaqueline<\/title>\n<meta name=\"robots\" content=\"index, follow, max-snippet:-1, max-image-preview:large, max-video-preview:-1\" \/>\n<link rel=\"canonical\" href=\"https:\/\/tw.cm.upt.ro\/d7\/2019\/12\/16\/paris-orasul-luminilor\/\" \/>\n<meta property=\"og:locale\" content=\"en_US\" \/>\n<meta property=\"og:type\" content=\"article\" \/>\n<meta property=\"og:title\" content=\"Paris, ora\u0219ul luminilor - Lorena Jaqueline\" \/>\n<meta property=\"og:description\" content=\"Nimic nu se compar\u0103 cu o plimbare pe str\u0103zile Parisului, cu o vizit\u0103 la Versailles sau vederea din Turnul Eiffel a \u00eentregului ora\u0219. Una din poreclele Parisului este \u201eLa Ville-Lumi\u00e8re (\u201eOra\u0219ul Luminilor\u201d) \u2013 porecl\u0103 \u201dc\u00e2\u0219tigat\u0103\u201d \u00een urma educa\u021biei \u0219i al ideilor \u00een epoca iluminismului \u0219i al adopt\u0103rii iluminatului str\u0103zilor. Am ajuns la Paris \u0219i iarna, \u0219i vara. Orice anotimp ar fi, ora\u0219ul nu \u0219i-a pierdut din farmec.\" \/>\n<meta property=\"og:url\" content=\"https:\/\/tw.cm.upt.ro\/d7\/2019\/12\/16\/paris-orasul-luminilor\/\" \/>\n<meta property=\"og:site_name\" content=\"Lorena Jaqueline\" \/>\n<meta property=\"article:published_time\" content=\"2019-12-16T19:50:17+00:00\" \/>\n<meta property=\"article:modified_time\" content=\"2019-12-16T21:12:00+00:00\" \/>\n<meta property=\"og:image\" content=\"https:\/\/tw.cm.upt.ro\/d7\/wp-content\/uploads\/sites\/147\/2019\/12\/79389915_596377984533901_7392972917941731328_n.jpg\" \/>\n\t<meta property=\"og:image:width\" content=\"3264\" \/>\n\t<meta property=\"og:image:height\" content=\"2448\" \/>\n\t<meta property=\"og:image:type\" content=\"image\/jpeg\" \/>\n<meta name=\"author\" content=\"d7\" \/>\n<meta name=\"twitter:card\" content=\"summary_large_image\" \/>\n<meta name=\"twitter:label1\" content=\"Written by\" \/>\n\t<meta name=\"twitter:data1\" content=\"d7\" \/>\n\t<meta name=\"twitter:label2\" content=\"Est. reading time\" \/>\n\t<meta name=\"twitter:data2\" content=\"1 minute\" \/>\n<script type=\"application\/ld+json\" class=\"yoast-schema-graph\">{\"@context\":\"https:\/\/schema.org\",\"@graph\":[{\"@type\":\"Article\",\"@id\":\"https:\/\/tw.cm.upt.ro\/d7\/2019\/12\/16\/paris-orasul-luminilor\/#article\",\"isPartOf\":{\"@id\":\"https:\/\/tw.cm.upt.ro\/d7\/2019\/12\/16\/paris-orasul-luminilor\/\"},\"author\":{\"name\":\"d7\",\"@id\":\"https:\/\/tw.cm.upt.ro\/d7\/#\/schema\/person\/e442329f7324a2a0e61bc176eb84e5b2\"},\"headline\":\"Paris, ora\u0219ul luminilor\",\"datePublished\":\"2019-12-16T19:50:17+00:00\",\"dateModified\":\"2019-12-16T21:12:00+00:00\",\"mainEntityOfPage\":{\"@id\":\"https:\/\/tw.cm.upt.ro\/d7\/2019\/12\/16\/paris-orasul-luminilor\/\"},\"wordCount\":106,\"commentCount\":0,\"image\":{\"@id\":\"https:\/\/tw.cm.upt.ro\/d7\/2019\/12\/16\/paris-orasul-luminilor\/#primaryimage\"},\"thumbnailUrl\":\"https:\/\/tw.cm.upt.ro\/d7\/wp-content\/uploads\/sites\/147\/2019\/12\/79389915_596377984533901_7392972917941731328_n.jpg\",\"keywords\":[\"france\",\"paris\"],\"articleSection\":[\"Traveling\"],\"inLanguage\":\"en-US\",\"potentialAction\":[{\"@type\":\"CommentAction\",\"name\":\"Comment\",\"target\":[\"https:\/\/tw.cm.upt.ro\/d7\/2019\/12\/16\/paris-orasul-luminilor\/#respond\"]}]},{\"@type\":\"WebPage\",\"@id\":\"https:\/\/tw.cm.upt.ro\/d7\/2019\/12\/16\/paris-orasul-luminilor\/\",\"url\":\"https:\/\/tw.cm.upt.ro\/d7\/2019\/12\/16\/paris-orasul-luminilor\/\",\"name\":\"Paris, ora\u0219ul luminilor - Lorena Jaqueline\",\"isPartOf\":{\"@id\":\"https:\/\/tw.cm.upt.ro\/d7\/#website\"},\"primaryImageOfPage\":{\"@id\":\"https:\/\/tw.cm.upt.ro\/d7\/2019\/12\/16\/paris-orasul-luminilor\/#primaryimage\"},\"image\":{\"@id\":\"https:\/\/tw.cm.upt.ro\/d7\/2019\/12\/16\/paris-orasul-luminilor\/#primaryimage\"},\"thumbnailUrl\":\"https:\/\/tw.cm.upt.ro\/d7\/wp-content\/uploads\/sites\/147\/2019\/12\/79389915_596377984533901_7392972917941731328_n.jpg\",\"datePublished\":\"2019-12-16T19:50:17+00:00\",\"dateModified\":\"2019-12-16T21:12:00+00:00\",\"author\":{\"@id\":\"https:\/\/tw.cm.upt.ro\/d7\/#\/schema\/person\/e442329f7324a2a0e61bc176eb84e5b2\"},\"breadcrumb\":{\"@id\":\"https:\/\/tw.cm.upt.ro\/d7\/2019\/12\/16\/paris-orasul-luminilor\/#breadcrumb\"},\"inLanguage\":\"en-US\",\"potentialAction\":[{\"@type\":\"ReadAction\",\"target\":[\"https:\/\/tw.cm.upt.ro\/d7\/2019\/12\/16\/paris-orasul-luminilor\/\"]}]},{\"@type\":\"ImageObject\",\"inLanguage\":\"en-US\",\"@id\":\"https:\/\/tw.cm.upt.ro\/d7\/2019\/12\/16\/paris-orasul-luminilor\/#primaryimage\",\"url\":\"https:\/\/tw.cm.upt.ro\/d7\/wp-content\/uploads\/sites\/147\/2019\/12\/79389915_596377984533901_7392972917941731328_n.jpg\",\"contentUrl\":\"https:\/\/tw.cm.upt.ro\/d7\/wp-content\/uploads\/sites\/147\/2019\/12\/79389915_596377984533901_7392972917941731328_n.jpg\",\"width\":3264,\"height\":2448},{\"@type\":\"BreadcrumbList\",\"@id\":\"https:\/\/tw.cm.upt.ro\/d7\/2019\/12\/16\/paris-orasul-luminilor\/#breadcrumb\",\"itemListElement\":[{\"@type\":\"ListItem\",\"position\":1,\"name\":\"Home\",\"item\":\"https:\/\/tw.cm.upt.ro\/d7\/\"},{\"@type\":\"ListItem\",\"position\":2,\"name\":\"Paris, ora\u0219ul luminilor\"}]},{\"@type\":\"WebSite\",\"@id\":\"https:\/\/tw.cm.upt.ro\/d7\/#website\",\"url\":\"https:\/\/tw.cm.upt.ro\/d7\/\",\"name\":\"Lorena Jaqueline\",\"description\":\"Travel Blog\",\"potentialAction\":[{\"@type\":\"SearchAction\",\"target\":{\"@type\":\"EntryPoint\",\"urlTemplate\":\"https:\/\/tw.cm.upt.ro\/d7\/?s={search_term_string}\"},\"query-input\":{\"@type\":\"PropertyValueSpecification\",\"valueRequired\":true,\"valueName\":\"search_term_string\"}}],\"inLanguage\":\"en-US\"},{\"@type\":\"Person\",\"@id\":\"https:\/\/tw.cm.upt.ro\/d7\/#\/schema\/person\/e442329f7324a2a0e61bc176eb84e5b2\",\"name\":\"d7\",\"image\":{\"@type\":\"ImageObject\",\"inLanguage\":\"en-US\",\"@id\":\"https:\/\/tw.cm.upt.ro\/d7\/#\/schema\/person\/image\/\",\"url\":\"https:\/\/secure.gravatar.com\/avatar\/b68de285cda8f4ce29d084dfee23603d31de75069f53dee80f85ceded76cd997?s=96&d=mm&r=g\",\"contentUrl\":\"https:\/\/secure.gravatar.com\/avatar\/b68de285cda8f4ce29d084dfee23603d31de75069f53dee80f85ceded76cd997?s=96&d=mm&r=g\",\"caption\":\"d7\"},\"url\":\"https:\/\/tw.cm.upt.ro\/d7\/author\/d7\/\"}]}<\/script>\n<!-- \/ Yoast SEO plugin. -->","yoast_head_json":{"title":"Paris, ora\u0219ul luminilor - Lorena Jaqueline","robots":{"index":"index","follow":"follow","max-snippet":"max-snippet:-1","max-image-preview":"max-image-preview:large","max-video-preview":"max-video-preview:-1"},"canonical":"https:\/\/tw.cm.upt.ro\/d7\/2019\/12\/16\/paris-orasul-luminilor\/","og_locale":"en_US","og_type":"article","og_title":"Paris, ora\u0219ul luminilor - Lorena Jaqueline","og_description":"Nimic nu se compar\u0103 cu o plimbare pe str\u0103zile Parisului, cu o vizit\u0103 la Versailles sau vederea din Turnul Eiffel a \u00eentregului ora\u0219. Una din poreclele Parisului este \u201eLa Ville-Lumi\u00e8re (\u201eOra\u0219ul Luminilor\u201d) \u2013 porecl\u0103 \u201dc\u00e2\u0219tigat\u0103\u201d \u00een urma educa\u021biei \u0219i al ideilor \u00een epoca iluminismului \u0219i al adopt\u0103rii iluminatului str\u0103zilor. Am ajuns la Paris \u0219i iarna, \u0219i vara. Orice anotimp ar fi, ora\u0219ul nu \u0219i-a pierdut din farmec.","og_url":"https:\/\/tw.cm.upt.ro\/d7\/2019\/12\/16\/paris-orasul-luminilor\/","og_site_name":"Lorena Jaqueline","article_published_time":"2019-12-16T19:50:17+00:00","article_modified_time":"2019-12-16T21:12:00+00:00","og_image":[{"width":3264,"height":2448,"url":"https:\/\/tw.cm.upt.ro\/d7\/wp-content\/uploads\/sites\/147\/2019\/12\/79389915_596377984533901_7392972917941731328_n.jpg","type":"image\/jpeg"}],"author":"d7","twitter_card":"summary_large_image","twitter_misc":{"Written by":"d7","Est. reading time":"1 minute"},"schema":{"@context":"https:\/\/schema.org","@graph":[{"@type":"Article","@id":"https:\/\/tw.cm.upt.ro\/d7\/2019\/12\/16\/paris-orasul-luminilor\/#article","isPartOf":{"@id":"https:\/\/tw.cm.upt.ro\/d7\/2019\/12\/16\/paris-orasul-luminilor\/"},"author":{"name":"d7","@id":"https:\/\/tw.cm.upt.ro\/d7\/#\/schema\/person\/e442329f7324a2a0e61bc176eb84e5b2"},"headline":"Paris, ora\u0219ul luminilor","datePublished":"2019-12-16T19:50:17+00:00","dateModified":"2019-12-16T21:12:00+00:00","mainEntityOfPage":{"@id":"https:\/\/tw.cm.upt.ro\/d7\/2019\/12\/16\/paris-orasul-luminilor\/"},"wordCount":106,"commentCount":0,"image":{"@id":"https:\/\/tw.cm.upt.ro\/d7\/2019\/12\/16\/paris-orasul-luminilor\/#primaryimage"},"thumbnailUrl":"https:\/\/tw.cm.upt.ro\/d7\/wp-content\/uploads\/sites\/147\/2019\/12\/79389915_596377984533901_7392972917941731328_n.jpg","keywords":["france","paris"],"articleSection":["Traveling"],"inLanguage":"en-US","potentialAction":[{"@type":"CommentAction","name":"Comment","target":["https:\/\/tw.cm.upt.ro\/d7\/2019\/12\/16\/paris-orasul-luminilor\/#respond"]}]},{"@type":"WebPage","@id":"https:\/\/tw.cm.upt.ro\/d7\/2019\/12\/16\/paris-orasul-luminilor\/","url":"https:\/\/tw.cm.upt.ro\/d7\/2019\/12\/16\/paris-orasul-luminilor\/","name":"Paris, ora\u0219ul luminilor - Lorena Jaqueline","isPartOf":{"@id":"https:\/\/tw.cm.upt.ro\/d7\/#website"},"primaryImageOfPage":{"@id":"https:\/\/tw.cm.upt.ro\/d7\/2019\/12\/16\/paris-orasul-luminilor\/#primaryimage"},"image":{"@id":"https:\/\/tw.cm.upt.ro\/d7\/2019\/12\/16\/paris-orasul-luminilor\/#primaryimage"},"thumbnailUrl":"https:\/\/tw.cm.upt.ro\/d7\/wp-content\/uploads\/sites\/147\/2019\/12\/79389915_596377984533901_7392972917941731328_n.jpg","datePublished":"2019-12-16T19:50:17+00:00","dateModified":"2019-12-16T21:12:00+00:00","author":{"@id":"https:\/\/tw.cm.upt.ro\/d7\/#\/schema\/person\/e442329f7324a2a0e61bc176eb84e5b2"},"breadcrumb":{"@id":"https:\/\/tw.cm.upt.ro\/d7\/2019\/12\/16\/paris-orasul-luminilor\/#breadcrumb"},"inLanguage":"en-US","potentialAction":[{"@type":"ReadAction","target":["https:\/\/tw.cm.upt.ro\/d7\/2019\/12\/16\/paris-orasul-luminilor\/"]}]},{"@type":"ImageObject","inLanguage":"en-US","@id":"https:\/\/tw.cm.upt.ro\/d7\/2019\/12\/16\/paris-orasul-luminilor\/#primaryimage","url":"https:\/\/tw.cm.upt.ro\/d7\/wp-content\/uploads\/sites\/147\/2019\/12\/79389915_596377984533901_7392972917941731328_n.jpg","contentUrl":"https:\/\/tw.cm.upt.ro\/d7\/wp-content\/uploads\/sites\/147\/2019\/12\/79389915_596377984533901_7392972917941731328_n.jpg","width":3264,"height":2448},{"@type":"BreadcrumbList","@id":"https:\/\/tw.cm.upt.ro\/d7\/2019\/12\/16\/paris-orasul-luminilor\/#breadcrumb","itemListElement":[{"@type":"ListItem","position":1,"name":"Home","item":"https:\/\/tw.cm.upt.ro\/d7\/"},{"@type":"ListItem","position":2,"name":"Paris, ora\u0219ul luminilor"}]},{"@type":"WebSite","@id":"https:\/\/tw.cm.upt.ro\/d7\/#website","url":"https:\/\/tw.cm.upt.ro\/d7\/","name":"Lorena Jaqueline","description":"Travel Blog","potentialAction":[{"@type":"SearchAction","target":{"@type":"EntryPoint","urlTemplate":"https:\/\/tw.cm.upt.ro\/d7\/?s={search_term_string}"},"query-input":{"@type":"PropertyValueSpecification","valueRequired":true,"valueName":"search_term_string"}}],"inLanguage":"en-US"},{"@type":"Person","@id":"https:\/\/tw.cm.upt.ro\/d7\/#\/schema\/person\/e442329f7324a2a0e61bc176eb84e5b2","name":"d7","image":{"@type":"ImageObject","inLanguage":"en-US","@id":"https:\/\/tw.cm.upt.ro\/d7\/#\/schema\/person\/image\/","url":"https:\/\/secure.gravatar.com\/avatar\/b68de285cda8f4ce29d084dfee23603d31de75069f53dee80f85ceded76cd997?s=96&d=mm&r=g","contentUrl":"https:\/\/secure.gravatar.com\/avatar\/b68de285cda8f4ce29d084dfee23603d31de75069f53dee80f85ceded76cd997?s=96&d=mm&r=g","caption":"d7"},"url":"https:\/\/tw.cm.upt.ro\/d7\/author\/d7\/"}]}},"jetpack_featured_media_url":"https:\/\/tw.cm.upt.ro\/d7\/wp-content\/uploads\/sites\/147\/2019\/12\/79389915_596377984533901_7392972917941731328_n.jpg","_links":{"self":[{"href":"https:\/\/tw.cm.upt.ro\/d7\/wp-json\/wp\/v2\/posts\/93","targetHints":{"allow":["GET"]}}],"collection":[{"href":"https:\/\/tw.cm.upt.ro\/d7\/wp-json\/wp\/v2\/posts"}],"about":[{"href":"https:\/\/tw.cm.upt.ro\/d7\/wp-json\/wp\/v2\/types\/post"}],"author":[{"embeddable":true,"href":"https:\/\/tw.cm.upt.ro\/d7\/wp-json\/wp\/v2\/users\/142"}],"replies":[{"embeddable":true,"href":"https:\/\/tw.cm.upt.ro\/d7\/wp-json\/wp\/v2\/comments?post=93"}],"version-history":[{"count":2,"href":"https:\/\/tw.cm.upt.ro\/d7\/wp-json\/wp\/v2\/posts\/93\/revisions"}],"predecessor-version":[{"id":157,"href":"https:\/\/tw.cm.upt.ro\/d7\/wp-json\/wp\/v2\/posts\/93\/revisions\/157"}],"wp:featuredmedia":[{"embeddable":true,"href":"https:\/\/tw.cm.upt.ro\/d7\/wp-json\/wp\/v2\/media\/104"}],"wp:attachment":[{"href":"https:\/\/tw.cm.upt.ro\/d7\/wp-json\/wp\/v2\/media?parent=93"}],"wp:term":[{"taxonomy":"category","embeddable":true,"href":"https:\/\/tw.cm.upt.ro\/d7\/wp-json\/wp\/v2\/categories?post=93"},{"taxonomy":"post_tag","embeddable":true,"href":"https:\/\/tw.cm.upt.ro\/d7\/wp-json\/wp\/v2\/tags?post=93"}],"curies":[{"name":"wp","href":"https:\/\/api.w.org\/{rel}","templated":true}]}}